{"id":1006,"date":"2022-12-17T00:33:56","date_gmt":"2022-12-17T00:33:56","guid":{"rendered":"https:\/\/chemax.gob.mx\/?p=1006"},"modified":"2022-12-17T00:33:56","modified_gmt":"2022-12-17T00:33:56","slug":"entrega-de-chamarras-del-programa-impulso-escolar","status":"publish","type":"post","link":"https:\/\/chemax.gob.mx\/index.php\/2022\/12\/17\/entrega-de-chamarras-del-programa-impulso-escolar\/","title":{"rendered":"Entrega de chamarras del programa Impulso Escolar."},"content":{"rendered":"<div id='gallery-1' class='gallery galleryid-1006 gallery-columns-6 gallery-size-thumbnail'><figure class='gallery-item'>\n\t\t\t<div class='gallery-icon landscape'>\n\t\t\t\t<a href='https:\/\/chemax.gob.mx\/wp-content\/uploads\/2022\/12\/316825963_1018461599111569_5627009650745475794_n.jpg'><img loading=\"lazy\" decoding=\"async\" width=\"150\" height=\"150\" src=\"https:\/\/chemax.gob.mx\/wp-content\/uploads\/2022\/12\/316825963_1018461599111569_5627009650745475794_n-150x150.jpg\" class=\"attachment-thumbnail size-thumbnail\" alt=\"\" \/><\/a>\n\t\t\t<\/div><\/figure><figure class='gallery-item'>\n\t\t\t<div class='gallery-icon landscape'>\n\t\t\t\t<a href='https:\/\/chemax.gob.mx\/wp-content\/uploads\/2022\/12\/317936694_1018462062444856_398520140785615363_n.jpg'><img loading=\"lazy\" decoding=\"async\" width=\"150\" height=\"150\" src=\"https:\/\/chemax.gob.mx\/wp-content\/uploads\/2022\/12\/317936694_1018462062444856_398520140785615363_n-150x150.jpg\" class=\"attachment-thumbnail size-thumbnail\" alt=\"\" \/><\/a>\n\t\t\t<\/div><\/figure><figure class='gallery-item'>\n\t\t\t<div class='gallery-icon landscape'>\n\t\t\t\t<a href='https:\/\/chemax.gob.mx\/wp-content\/uploads\/2022\/12\/318329674_1018461969111532_3226169673235459057_n.jpg'><img loading=\"lazy\" decoding=\"async\" width=\"150\" height=\"150\" src=\"https:\/\/chemax.gob.mx\/wp-content\/uploads\/2022\/12\/318329674_1018461969111532_3226169673235459057_n-150x150.jpg\" class=\"attachment-thumbnail size-thumbnail\" alt=\"\" \/><\/a>\n\t\t\t<\/div><\/figure><figure class='gallery-item'>\n\t\t\t<div class='gallery-icon landscape'>\n\t\t\t\t<a href='https:\/\/chemax.gob.mx\/wp-content\/uploads\/2022\/12\/318330510_1018462105778185_488668009467334413_n.jpg'><img loading=\"lazy\" decoding=\"async\" width=\"150\" height=\"150\" src=\"https:\/\/chemax.gob.mx\/wp-content\/uploads\/2022\/12\/318330510_1018462105778185_488668009467334413_n-150x150.jpg\" class=\"attachment-thumbnail size-thumbnail\" alt=\"\" \/><\/a>\n\t\t\t<\/div><\/figure><figure class='gallery-item'>\n\t\t\t<div class='gallery-icon landscape'>\n\t\t\t\t<a href='https:\/\/chemax.gob.mx\/wp-content\/uploads\/2022\/12\/318653232_1018462119111517_4502179779704247752_n.jpg'><img loading=\"lazy\" decoding=\"async\" width=\"150\" height=\"150\" src=\"https:\/\/chemax.gob.mx\/wp-content\/uploads\/2022\/12\/318653232_1018462119111517_4502179779704247752_n-150x150.jpg\" class=\"attachment-thumbnail size-thumbnail\" alt=\"\" \/><\/a>\n\t\t\t<\/div><\/figure><figure class='gallery-item'>\n\t\t\t<div class='gallery-icon landscape'>\n\t\t\t\t<a href='https:\/\/chemax.gob.mx\/wp-content\/uploads\/2022\/12\/319073578_1018461902444872_4219719981318099623_n.jpg'><img loading=\"lazy\" decoding=\"async\" width=\"150\" height=\"150\" src=\"https:\/\/chemax.gob.mx\/wp-content\/uploads\/2022\/12\/319073578_1018461902444872_4219719981318099623_n-150x150.jpg\" class=\"attachment-thumbnail size-thumbnail\" alt=\"\" \/><\/a>\n\t\t\t<\/div><\/figure>\n\t\t<\/div>\n\n<p>Hoy por la ma\u00f1ana el alcalde Lucio Balam Herrera, a trav\u00e9s del gobernador del estado Mauricio Vila entregaron chamaras del programa <a class=\"x1i10hfl xjbqb8w x6umtig x1b1mbwd xaqea5y xav7gou x9f619 x1ypdohk xt0psk2 xe8uvvx xdj266r x11i5rnm xat24cr x1mh8g0r xexx8yu x4uap5 x18d9i69 xkhd6sd x16tdsg8 x1hl2dhg xggy1nq x1a2a7pz xt0b8zv x1qq9wsj xo1l8bm\" tabindex=\"0\" role=\"link\" href=\"https:\/\/www.facebook.com\/hashtag\/impulso?__eep__=6&amp;__cft__[0]=AZUSnVr_lQ0CYKFR5KaPqg0PlN059VX5oljqky063MjFKYXk0KZQBkJrEcMLUiUfwSH7gXVA1XV_AEOG0M0xqTYBjQ8eRIsUI1zlobifkPN69qX7n9b5Yb6XVfH2fzb9V3djc3N9Uwrbo-8BcJrqwN0j9wiEfVIHL24vIanpWHyccw&amp;__tn__=*NK-R\">#Impulso<\/a> Escolar# . El presidente municipal estubo acompa\u00f1ado por el Diputado Local, Lic.Luis Fern\u00e1ndez Vidal, el representante de SEDESOL . Lic Juan Dami\u00e1n Mex Silva, Mtro, Antonio Novelo representante de la Segey y supervisor de la sona escolar, directores de las escuelas y estudiantes que los acompa\u00f1o. El Alcalde mencion\u00f3 que esta agradecido con el apoyo recibido, porque los cambios clim\u00e1ticos son constantes por otro lado recalc\u00f3 que los ni\u00f1os son el motivo para seguir trabajando y gestionando.<\/p>\n","protected":false},"excerpt":{"rendered":"<p>Hoy por la ma\u00f1ana el alcalde Lucio Balam Herrera, a trav\u00e9s del gobernador del estado Mauricio Vila entregaron chamaras del programa #Impulso Escolar# . El presidente municipal estubo acompa\u00f1ado por el Diputado Local, Lic.Luis Fern\u00e1ndez Vidal, el representante de SEDESOL . Lic Juan Dami\u00e1n Mex Silva, Mtro, Antonio Novelo representante de la Segey y supervisor [&hellip;]<\/p>\n","protected":false},"author":1,"featured_media":1011,"comment_status":"closed","ping_status":"open","sticky":false,"template":"","format":"standard","meta":{"footnotes":""},"categories":[8],"tags":[],"class_list":["post-1006","post","type-post","status-publish","format-standard","has-post-thumbnail","hentry","category-educacion"],"_links":{"self":[{"href":"https:\/\/chemax.gob.mx\/index.php\/wp-json\/wp\/v2\/posts\/1006","targetHints":{"allow":["GET"]}}],"collection":[{"href":"https:\/\/chemax.gob.mx\/index.php\/wp-json\/wp\/v2\/posts"}],"about":[{"href":"https:\/\/chemax.gob.mx\/index.php\/wp-json\/wp\/v2\/types\/post"}],"author":[{"embeddable":true,"href":"https:\/\/chemax.gob.mx\/index.php\/wp-json\/wp\/v2\/users\/1"}],"replies":[{"embeddable":true,"href":"https:\/\/chemax.gob.mx\/index.php\/wp-json\/wp\/v2\/comments?post=1006"}],"version-history":[{"count":1,"href":"https:\/\/chemax.gob.mx\/index.php\/wp-json\/wp\/v2\/posts\/1006\/revisions"}],"predecessor-version":[{"id":1013,"href":"https:\/\/chemax.gob.mx\/index.php\/wp-json\/wp\/v2\/posts\/1006\/revisions\/1013"}],"wp:featuredmedia":[{"embeddable":true,"href":"https:\/\/chemax.gob.mx\/index.php\/wp-json\/wp\/v2\/media\/1011"}],"wp:attachment":[{"href":"https:\/\/chemax.gob.mx\/index.php\/wp-json\/wp\/v2\/media?parent=1006"}],"wp:term":[{"taxonomy":"category","embeddable":true,"href":"https:\/\/chemax.gob.mx\/index.php\/wp-json\/wp\/v2\/categories?post=1006"},{"taxonomy":"post_tag","embeddable":true,"href":"https:\/\/chemax.gob.mx\/index.php\/wp-json\/wp\/v2\/tags?post=1006"}],"curies":[{"name":"wp","href":"https:\/\/api.w.org\/{rel}","templated":true}]}}