{"id":1122,"date":"2023-02-20T16:27:14","date_gmt":"2023-02-20T16:27:14","guid":{"rendered":"https:\/\/chemax.gob.mx\/?p=1122"},"modified":"2023-02-20T16:27:14","modified_gmt":"2023-02-20T16:27:14","slug":"entrega-de-vehiculos-de-traslado-medico-por-gobierno-del-estado","status":"publish","type":"post","link":"https:\/\/chemax.gob.mx\/index.php\/2023\/02\/20\/entrega-de-vehiculos-de-traslado-medico-por-gobierno-del-estado\/","title":{"rendered":"Entrega de veh\u00edculos de traslado m\u00e9dico por Gobierno del Estado."},"content":{"rendered":"<div id='gallery-1' class='gallery galleryid-1122 gallery-columns-4 gallery-size-thumbnail'><figure class='gallery-item'>\n\t\t\t<div class='gallery-icon portrait'>\n\t\t\t\t<a href='https:\/\/chemax.gob.mx\/wp-content\/uploads\/2023\/02\/328264187_1566647897175063_6215680044354456528_n.jpg'><img loading=\"lazy\" decoding=\"async\" width=\"150\" height=\"150\" src=\"https:\/\/chemax.gob.mx\/wp-content\/uploads\/2023\/02\/328264187_1566647897175063_6215680044354456528_n-150x150.jpg\" class=\"attachment-thumbnail size-thumbnail\" alt=\"\" \/><\/a>\n\t\t\t<\/div><\/figure><figure class='gallery-item'>\n\t\t\t<div class='gallery-icon landscape'>\n\t\t\t\t<a href='https:\/\/chemax.gob.mx\/wp-content\/uploads\/2023\/02\/328777326_713030460530365_3002512629362064344_n.jpg'><img loading=\"lazy\" decoding=\"async\" width=\"150\" height=\"150\" src=\"https:\/\/chemax.gob.mx\/wp-content\/uploads\/2023\/02\/328777326_713030460530365_3002512629362064344_n-150x150.jpg\" class=\"attachment-thumbnail size-thumbnail\" alt=\"\" \/><\/a>\n\t\t\t<\/div><\/figure><figure class='gallery-item'>\n\t\t\t<div class='gallery-icon landscape'>\n\t\t\t\t<a href='https:\/\/chemax.gob.mx\/wp-content\/uploads\/2023\/02\/328828886_491686946488531_6735844743863088038_n.jpg'><img loading=\"lazy\" decoding=\"async\" width=\"150\" height=\"150\" src=\"https:\/\/chemax.gob.mx\/wp-content\/uploads\/2023\/02\/328828886_491686946488531_6735844743863088038_n-150x150.jpg\" class=\"attachment-thumbnail size-thumbnail\" alt=\"\" \/><\/a>\n\t\t\t<\/div><\/figure><figure class='gallery-item'>\n\t\t\t<div class='gallery-icon landscape'>\n\t\t\t\t<a href='https:\/\/chemax.gob.mx\/wp-content\/uploads\/2023\/02\/328993799_1626996231137946_5820370789272427056_n.jpg'><img loading=\"lazy\" decoding=\"async\" width=\"150\" height=\"150\" src=\"https:\/\/chemax.gob.mx\/wp-content\/uploads\/2023\/02\/328993799_1626996231137946_5820370789272427056_n-150x150.jpg\" class=\"attachment-thumbnail size-thumbnail\" alt=\"\" \/><\/a>\n\t\t\t<\/div><\/figure>\n\t\t<\/div>\n\n<div dir=\"auto\">El alcalde de Chemax, Lucio Balam Balam Herrera.<\/div>\n<div dir=\"auto\">Expreso su sincero agradecimiento por el apoyo brindado al Gobernador del Estado, Mauricio Vila quien entreg\u00f3 3 Veh\u00edculos de Taslado M\u00e9dico al municipio de Chemax, evento realizado en el Centro de Convenciones Siglo XXI.<\/div>\n<div dir=\"auto\">Al respecto el Funcionario Municipal, Balam Herrera, mencion\u00f3 la importancia de trabajar en coordinaci\u00f3n y lograr resultados favorables a favor de las familias del municipio.<\/div>\n<div dir=\"auto\">Sobre todo la salud es uno de los programas contemplado en la actual administraci\u00f3n municipal.<\/div>\n","protected":false},"excerpt":{"rendered":"<p>El alcalde de Chemax, Lucio Balam Balam Herrera. Expreso su sincero agradecimiento por el apoyo brindado al Gobernador del Estado, Mauricio Vila quien entreg\u00f3 3 Veh\u00edculos de Taslado M\u00e9dico al municipio de Chemax, evento realizado en el Centro de Convenciones Siglo XXI. Al respecto el Funcionario Municipal, Balam Herrera, mencion\u00f3 la importancia de trabajar en [&hellip;]<\/p>\n","protected":false},"author":1,"featured_media":1126,"comment_status":"closed","ping_status":"open","sticky":false,"template":"","format":"standard","meta":{"footnotes":""},"categories":[12],"tags":[],"class_list":["post-1122","post","type-post","status-publish","format-standard","has-post-thumbnail","hentry","category-salud"],"_links":{"self":[{"href":"https:\/\/chemax.gob.mx\/index.php\/wp-json\/wp\/v2\/posts\/1122","targetHints":{"allow":["GET"]}}],"collection":[{"href":"https:\/\/chemax.gob.mx\/index.php\/wp-json\/wp\/v2\/posts"}],"about":[{"href":"https:\/\/chemax.gob.mx\/index.php\/wp-json\/wp\/v2\/types\/post"}],"author":[{"embeddable":true,"href":"https:\/\/chemax.gob.mx\/index.php\/wp-json\/wp\/v2\/users\/1"}],"replies":[{"embeddable":true,"href":"https:\/\/chemax.gob.mx\/index.php\/wp-json\/wp\/v2\/comments?post=1122"}],"version-history":[{"count":1,"href":"https:\/\/chemax.gob.mx\/index.php\/wp-json\/wp\/v2\/posts\/1122\/revisions"}],"predecessor-version":[{"id":1127,"href":"https:\/\/chemax.gob.mx\/index.php\/wp-json\/wp\/v2\/posts\/1122\/revisions\/1127"}],"wp:featuredmedia":[{"embeddable":true,"href":"https:\/\/chemax.gob.mx\/index.php\/wp-json\/wp\/v2\/media\/1126"}],"wp:attachment":[{"href":"https:\/\/chemax.gob.mx\/index.php\/wp-json\/wp\/v2\/media?parent=1122"}],"wp:term":[{"taxonomy":"category","embeddable":true,"href":"https:\/\/chemax.gob.mx\/index.php\/wp-json\/wp\/v2\/categories?post=1122"},{"taxonomy":"post_tag","embeddable":true,"href":"https:\/\/chemax.gob.mx\/index.php\/wp-json\/wp\/v2\/tags?post=1122"}],"curies":[{"name":"wp","href":"https:\/\/api.w.org\/{rel}","templated":true}]}}