{"id":1970,"date":"2024-01-19T22:17:30","date_gmt":"2024-01-19T22:17:30","guid":{"rendered":"https:\/\/chemax.gob.mx\/?p=1970"},"modified":"2024-01-19T22:17:30","modified_gmt":"2024-01-19T22:17:30","slug":"caravana-navidena-repartiendo-juguetes-a-los-ninos","status":"publish","type":"post","link":"https:\/\/chemax.gob.mx\/index.php\/2024\/01\/19\/caravana-navidena-repartiendo-juguetes-a-los-ninos\/","title":{"rendered":"Caravana navide\u00f1a repartiendo juguetes a los ni\u00f1os."},"content":{"rendered":"<div id='gallery-1' class='gallery galleryid-1970 gallery-columns-7 gallery-size-thumbnail'><figure class='gallery-item'>\n\t\t\t<div class='gallery-icon landscape'>\n\t\t\t\t<a href='https:\/\/chemax.gob.mx\/wp-content\/uploads\/2024\/01\/412566061_1237391233885270_8956144094384337229_n.jpg'><img loading=\"lazy\" decoding=\"async\" width=\"150\" height=\"150\" src=\"https:\/\/chemax.gob.mx\/wp-content\/uploads\/2024\/01\/412566061_1237391233885270_8956144094384337229_n-150x150.jpg\" class=\"attachment-thumbnail size-thumbnail\" alt=\"\" \/><\/a>\n\t\t\t<\/div><\/figure><figure class='gallery-item'>\n\t\t\t<div class='gallery-icon landscape'>\n\t\t\t\t<a href='https:\/\/chemax.gob.mx\/wp-content\/uploads\/2024\/01\/412658754_1237391093885284_6681343741910337068_n.jpg'><img loading=\"lazy\" decoding=\"async\" width=\"150\" height=\"150\" src=\"https:\/\/chemax.gob.mx\/wp-content\/uploads\/2024\/01\/412658754_1237391093885284_6681343741910337068_n-150x150.jpg\" class=\"attachment-thumbnail size-thumbnail\" alt=\"\" \/><\/a>\n\t\t\t<\/div><\/figure><figure class='gallery-item'>\n\t\t\t<div class='gallery-icon landscape'>\n\t\t\t\t<a href='https:\/\/chemax.gob.mx\/wp-content\/uploads\/2024\/01\/414147402_1237390443885349_213575703509033815_n.jpg'><img loading=\"lazy\" decoding=\"async\" width=\"150\" height=\"150\" src=\"https:\/\/chemax.gob.mx\/wp-content\/uploads\/2024\/01\/414147402_1237390443885349_213575703509033815_n-150x150.jpg\" class=\"attachment-thumbnail size-thumbnail\" alt=\"\" \/><\/a>\n\t\t\t<\/div><\/figure><figure class='gallery-item'>\n\t\t\t<div class='gallery-icon landscape'>\n\t\t\t\t<a href='https:\/\/chemax.gob.mx\/wp-content\/uploads\/2024\/01\/414150909_1237390547218672_1394699042587765258_n.jpg'><img loading=\"lazy\" decoding=\"async\" width=\"150\" height=\"150\" src=\"https:\/\/chemax.gob.mx\/wp-content\/uploads\/2024\/01\/414150909_1237390547218672_1394699042587765258_n-150x150.jpg\" class=\"attachment-thumbnail size-thumbnail\" alt=\"\" \/><\/a>\n\t\t\t<\/div><\/figure><figure class='gallery-item'>\n\t\t\t<div class='gallery-icon landscape'>\n\t\t\t\t<a href='https:\/\/chemax.gob.mx\/wp-content\/uploads\/2024\/01\/414662314_1237390427218684_9117167814993366844_n.jpg'><img loading=\"lazy\" decoding=\"async\" width=\"150\" height=\"150\" src=\"https:\/\/chemax.gob.mx\/wp-content\/uploads\/2024\/01\/414662314_1237390427218684_9117167814993366844_n-150x150.jpg\" class=\"attachment-thumbnail size-thumbnail\" alt=\"\" \/><\/a>\n\t\t\t<\/div><\/figure><figure class='gallery-item'>\n\t\t\t<div class='gallery-icon landscape'>\n\t\t\t\t<a href='https:\/\/chemax.gob.mx\/wp-content\/uploads\/2024\/01\/414692296_1237391070551953_2302684147515134965_n.jpg'><img loading=\"lazy\" decoding=\"async\" width=\"150\" height=\"150\" src=\"https:\/\/chemax.gob.mx\/wp-content\/uploads\/2024\/01\/414692296_1237391070551953_2302684147515134965_n-150x150.jpg\" class=\"attachment-thumbnail size-thumbnail\" alt=\"\" \/><\/a>\n\t\t\t<\/div><\/figure><figure class='gallery-item'>\n\t\t\t<div class='gallery-icon landscape'>\n\t\t\t\t<a href='https:\/\/chemax.gob.mx\/wp-content\/uploads\/2024\/01\/414717293_1237391297218597_7114967155109065149_n.jpg'><img loading=\"lazy\" decoding=\"async\" width=\"150\" height=\"150\" src=\"https:\/\/chemax.gob.mx\/wp-content\/uploads\/2024\/01\/414717293_1237391297218597_7114967155109065149_n-150x150.jpg\" class=\"attachment-thumbnail size-thumbnail\" alt=\"\" \/><\/a>\n\t\t\t<\/div><\/figure>\n\t\t<\/div>\n\n<div dir=\"auto\">El Ayuntamiento de Chemax que preside el C. Lucio Balam Herrera, hoy por la tarde llevaron alegr\u00eda a las colonias repartiendo dulces, y juguetes a miles de ni\u00f1os por todas las calles de las colonias de la cabecera Municipal.<\/div>\n<div dir=\"auto\">A su paso Santa Claus reparti\u00f3 dulces y juguetes el alcalde desea un feliz navidad y un feliz A\u00f1o Nuevo 2024 a todas las familias del municipio.<\/div>\n<div dir=\"auto\">Asimismo el edil indic\u00f3 la importancia para la actual administraci\u00f3n la convivencia familiar y especialmente estos d\u00edas, motivo por el cual realizamos este sencillo recorrido cada a\u00f1o por las diversas calles del municipio de Chemax.<\/div>\n","protected":false},"excerpt":{"rendered":"<p>El Ayuntamiento de Chemax que preside el C. Lucio Balam Herrera, hoy por la tarde llevaron alegr\u00eda a las colonias repartiendo dulces, y juguetes a miles de ni\u00f1os por todas las calles de las colonias de la cabecera Municipal. A su paso Santa Claus reparti\u00f3 dulces y juguetes el alcalde desea un feliz navidad y [&hellip;]<\/p>\n","protected":false},"author":1,"featured_media":1974,"comment_status":"closed","ping_status":"open","sticky":false,"template":"","format":"standard","meta":{"footnotes":""},"categories":[9],"tags":[],"class_list":["post-1970","post","type-post","status-publish","format-standard","has-post-thumbnail","hentry","category-presidencia"],"_links":{"self":[{"href":"https:\/\/chemax.gob.mx\/index.php\/wp-json\/wp\/v2\/posts\/1970","targetHints":{"allow":["GET"]}}],"collection":[{"href":"https:\/\/chemax.gob.mx\/index.php\/wp-json\/wp\/v2\/posts"}],"about":[{"href":"https:\/\/chemax.gob.mx\/index.php\/wp-json\/wp\/v2\/types\/post"}],"author":[{"embeddable":true,"href":"https:\/\/chemax.gob.mx\/index.php\/wp-json\/wp\/v2\/users\/1"}],"replies":[{"embeddable":true,"href":"https:\/\/chemax.gob.mx\/index.php\/wp-json\/wp\/v2\/comments?post=1970"}],"version-history":[{"count":1,"href":"https:\/\/chemax.gob.mx\/index.php\/wp-json\/wp\/v2\/posts\/1970\/revisions"}],"predecessor-version":[{"id":1978,"href":"https:\/\/chemax.gob.mx\/index.php\/wp-json\/wp\/v2\/posts\/1970\/revisions\/1978"}],"wp:featuredmedia":[{"embeddable":true,"href":"https:\/\/chemax.gob.mx\/index.php\/wp-json\/wp\/v2\/media\/1974"}],"wp:attachment":[{"href":"https:\/\/chemax.gob.mx\/index.php\/wp-json\/wp\/v2\/media?parent=1970"}],"wp:term":[{"taxonomy":"category","embeddable":true,"href":"https:\/\/chemax.gob.mx\/index.php\/wp-json\/wp\/v2\/categories?post=1970"},{"taxonomy":"post_tag","embeddable":true,"href":"https:\/\/chemax.gob.mx\/index.php\/wp-json\/wp\/v2\/tags?post=1970"}],"curies":[{"name":"wp","href":"https:\/\/api.w.org\/{rel}","templated":true}]}}