{"id":2616,"date":"2024-11-22T16:14:36","date_gmt":"2024-11-22T16:14:36","guid":{"rendered":"https:\/\/chemax.gob.mx\/?p=2616"},"modified":"2024-11-22T16:14:36","modified_gmt":"2024-11-22T16:14:36","slug":"se-reestablece-agua-potable-en-kuxeb","status":"publish","type":"post","link":"https:\/\/chemax.gob.mx\/index.php\/2024\/11\/22\/se-reestablece-agua-potable-en-kuxeb\/","title":{"rendered":"Se reestablece agua potable en Kuxeb."},"content":{"rendered":"<div id='gallery-1' class='gallery galleryid-2616 gallery-columns-7 gallery-size-thumbnail'><figure class='gallery-item'>\n\t\t\t<div class='gallery-icon landscape'>\n\t\t\t\t<a href='https:\/\/chemax.gob.mx\/wp-content\/uploads\/2024\/11\/466457611_122124812402515651_3671428403383074088_n.jpg'><img loading=\"lazy\" decoding=\"async\" width=\"150\" height=\"150\" src=\"https:\/\/chemax.gob.mx\/wp-content\/uploads\/2024\/11\/466457611_122124812402515651_3671428403383074088_n-150x150.jpg\" class=\"attachment-thumbnail size-thumbnail\" alt=\"\" \/><\/a>\n\t\t\t<\/div><\/figure><figure class='gallery-item'>\n\t\t\t<div class='gallery-icon landscape'>\n\t\t\t\t<a href='https:\/\/chemax.gob.mx\/wp-content\/uploads\/2024\/11\/466917291_122124812270515651_1092874350881019470_n.jpg'><img loading=\"lazy\" decoding=\"async\" width=\"150\" height=\"150\" src=\"https:\/\/chemax.gob.mx\/wp-content\/uploads\/2024\/11\/466917291_122124812270515651_1092874350881019470_n-150x150.jpg\" class=\"attachment-thumbnail size-thumbnail\" alt=\"\" \/><\/a>\n\t\t\t<\/div><\/figure><figure class='gallery-item'>\n\t\t\t<div class='gallery-icon landscape'>\n\t\t\t\t<a href='https:\/\/chemax.gob.mx\/wp-content\/uploads\/2024\/11\/466970503_122124812234515651_1564577783529999421_n.jpg'><img loading=\"lazy\" decoding=\"async\" width=\"150\" height=\"150\" src=\"https:\/\/chemax.gob.mx\/wp-content\/uploads\/2024\/11\/466970503_122124812234515651_1564577783529999421_n-150x150.jpg\" class=\"attachment-thumbnail size-thumbnail\" alt=\"\" \/><\/a>\n\t\t\t<\/div><\/figure><figure class='gallery-item'>\n\t\t\t<div class='gallery-icon portrait'>\n\t\t\t\t<a href='https:\/\/chemax.gob.mx\/wp-content\/uploads\/2024\/11\/466971759_122124812198515651_6244404552820654737_n.jpg'><img loading=\"lazy\" decoding=\"async\" width=\"150\" height=\"150\" src=\"https:\/\/chemax.gob.mx\/wp-content\/uploads\/2024\/11\/466971759_122124812198515651_6244404552820654737_n-150x150.jpg\" class=\"attachment-thumbnail size-thumbnail\" alt=\"\" \/><\/a>\n\t\t\t<\/div><\/figure><figure class='gallery-item'>\n\t\t\t<div class='gallery-icon portrait'>\n\t\t\t\t<a href='https:\/\/chemax.gob.mx\/wp-content\/uploads\/2024\/11\/467012540_122124812276515651_5546638544983746348_n.jpg'><img loading=\"lazy\" decoding=\"async\" width=\"150\" height=\"150\" src=\"https:\/\/chemax.gob.mx\/wp-content\/uploads\/2024\/11\/467012540_122124812276515651_5546638544983746348_n-150x150.jpg\" class=\"attachment-thumbnail size-thumbnail\" alt=\"\" \/><\/a>\n\t\t\t<\/div><\/figure><figure class='gallery-item'>\n\t\t\t<div class='gallery-icon portrait'>\n\t\t\t\t<a href='https:\/\/chemax.gob.mx\/wp-content\/uploads\/2024\/11\/467156902_122124812582515651_3255816785969757679_n.jpg'><img loading=\"lazy\" decoding=\"async\" width=\"150\" height=\"150\" src=\"https:\/\/chemax.gob.mx\/wp-content\/uploads\/2024\/11\/467156902_122124812582515651_3255816785969757679_n-150x150.jpg\" class=\"attachment-thumbnail size-thumbnail\" alt=\"\" \/><\/a>\n\t\t\t<\/div><\/figure><figure class='gallery-item'>\n\t\t\t<div class='gallery-icon landscape'>\n\t\t\t\t<a href='https:\/\/chemax.gob.mx\/wp-content\/uploads\/2024\/11\/467167297_122124812450515651_6451157928574507528_n.jpg'><img loading=\"lazy\" decoding=\"async\" width=\"150\" height=\"150\" src=\"https:\/\/chemax.gob.mx\/wp-content\/uploads\/2024\/11\/467167297_122124812450515651_6451157928574507528_n-150x150.jpg\" class=\"attachment-thumbnail size-thumbnail\" alt=\"\" \/><\/a>\n\t\t\t<\/div><\/figure>\n\t\t<\/div>\n\n<div dir=\"auto\">El d\u00eda de ayer 13 de noviembre, el ayuntamiento de Chemax, a cargo del alcalde \ud835\udc0b\ud835\udc22\ud835\udc1c. \ud835\udc11\ud835\udc22\ud835\udc1c\ud835\udc1a\ud835\udc2b\ud835\udc1d\ud835\udc28 \ud835\udc01\ud835\udc1a\ud835\udc25\ud835\udc1a\ud835\udc26 \ud835\udc02\ud835\udc21\ud835\udc22, en coordinaci\u00f3n con la Direcci\u00f3n de Agua Potable, restablecieron el suministro de agua, en la localidad de Kuxeb.<\/div>\n<div dir=\"auto\">Despu\u00e9s de 6 d\u00edas de arduo trabajo, en donde se coloc\u00f3 nuevas tuber\u00edas y nueva bomba en el pozo de suministro de agua de Kuxed, se logra con \u00e9xito concretar el restablecimiento de agua potable en la localidad. Al igual se restauro la pintura de las tuber\u00edas externas colocados en la bomba.<\/div>\n<div dir=\"auto\">El responsable de la Direcci\u00f3n de Agua Potable de Chemax, indic\u00f3 que la administraci\u00f3n siempre actuar\u00e1 con prontitud ante situaciones cruciales en las comisar\u00edas, considerando que el asunto del agua, es uno de los de mayor importancia. Asimismo, agradeci\u00f3 al alcalde su compromiso por servir a toda la poblaci\u00f3n de Kuxeb sin distinci\u00f3n alguna.<\/div>\n<div dir=\"auto\">Adem\u00e1s, expresa su agradecimiento a la comunidad por su paciencia y compresi\u00f3n durante el tiempo que tardo el restablecimiento de agua potable. Dado que este escenario ha constituido un reto significativo para todos, y apreciamos mucho la voluntad de los ciudadanos, para ajustarse a las circunstancias, mientras se restablece el abastecimiento de agua en la comunidad.<\/div>\n","protected":false},"excerpt":{"rendered":"<p>El d\u00eda de ayer 13 de noviembre, el ayuntamiento de Chemax, a cargo del alcalde \ud835\udc0b\ud835\udc22\ud835\udc1c. \ud835\udc11\ud835\udc22\ud835\udc1c\ud835\udc1a\ud835\udc2b\ud835\udc1d\ud835\udc28 \ud835\udc01\ud835\udc1a\ud835\udc25\ud835\udc1a\ud835\udc26 \ud835\udc02\ud835\udc21\ud835\udc22, en coordinaci\u00f3n con la Direcci\u00f3n de Agua Potable, restablecieron el suministro de agua, en la localidad de Kuxeb. Despu\u00e9s de 6 d\u00edas de arduo trabajo, en donde se coloc\u00f3 nuevas tuber\u00edas y nueva bomba en el [&hellip;]<\/p>\n","protected":false},"author":1,"featured_media":2623,"comment_status":"closed","ping_status":"open","sticky":false,"template":"","format":"standard","meta":{"footnotes":""},"categories":[14],"tags":[],"class_list":["post-2616","post","type-post","status-publish","format-standard","has-post-thumbnail","hentry","category-agua-potable"],"_links":{"self":[{"href":"https:\/\/chemax.gob.mx\/index.php\/wp-json\/wp\/v2\/posts\/2616","targetHints":{"allow":["GET"]}}],"collection":[{"href":"https:\/\/chemax.gob.mx\/index.php\/wp-json\/wp\/v2\/posts"}],"about":[{"href":"https:\/\/chemax.gob.mx\/index.php\/wp-json\/wp\/v2\/types\/post"}],"author":[{"embeddable":true,"href":"https:\/\/chemax.gob.mx\/index.php\/wp-json\/wp\/v2\/users\/1"}],"replies":[{"embeddable":true,"href":"https:\/\/chemax.gob.mx\/index.php\/wp-json\/wp\/v2\/comments?post=2616"}],"version-history":[{"count":1,"href":"https:\/\/chemax.gob.mx\/index.php\/wp-json\/wp\/v2\/posts\/2616\/revisions"}],"predecessor-version":[{"id":2624,"href":"https:\/\/chemax.gob.mx\/index.php\/wp-json\/wp\/v2\/posts\/2616\/revisions\/2624"}],"wp:featuredmedia":[{"embeddable":true,"href":"https:\/\/chemax.gob.mx\/index.php\/wp-json\/wp\/v2\/media\/2623"}],"wp:attachment":[{"href":"https:\/\/chemax.gob.mx\/index.php\/wp-json\/wp\/v2\/media?parent=2616"}],"wp:term":[{"taxonomy":"category","embeddable":true,"href":"https:\/\/chemax.gob.mx\/index.php\/wp-json\/wp\/v2\/categories?post=2616"},{"taxonomy":"post_tag","embeddable":true,"href":"https:\/\/chemax.gob.mx\/index.php\/wp-json\/wp\/v2\/tags?post=2616"}],"curies":[{"name":"wp","href":"https:\/\/api.w.org\/{rel}","templated":true}]}}