{"id":2716,"date":"2024-12-20T14:37:46","date_gmt":"2024-12-20T14:37:46","guid":{"rendered":"https:\/\/chemax.gob.mx\/?p=2716"},"modified":"2024-12-20T14:37:46","modified_gmt":"2024-12-20T14:37:46","slug":"taller-de-salud-bucal","status":"publish","type":"post","link":"https:\/\/chemax.gob.mx\/index.php\/2024\/12\/20\/taller-de-salud-bucal\/","title":{"rendered":"Taller de Salud Bucal."},"content":{"rendered":"<div id='gallery-1' class='gallery galleryid-2716 gallery-columns-2 gallery-size-thumbnail'><figure class='gallery-item'>\n\t\t\t<div class='gallery-icon landscape'>\n\t\t\t\t<a href='https:\/\/chemax.gob.mx\/wp-content\/uploads\/2024\/12\/468046753_122126588798515651_6830029292070788581_n.jpg'><img loading=\"lazy\" decoding=\"async\" width=\"150\" height=\"150\" src=\"https:\/\/chemax.gob.mx\/wp-content\/uploads\/2024\/12\/468046753_122126588798515651_6830029292070788581_n-150x150.jpg\" class=\"attachment-thumbnail size-thumbnail\" alt=\"\" \/><\/a>\n\t\t\t<\/div><\/figure><figure class='gallery-item'>\n\t\t\t<div class='gallery-icon landscape'>\n\t\t\t\t<a href='https:\/\/chemax.gob.mx\/wp-content\/uploads\/2024\/12\/468102562_122126588852515651_3480547245421614889_n.jpg'><img loading=\"lazy\" decoding=\"async\" width=\"150\" height=\"150\" src=\"https:\/\/chemax.gob.mx\/wp-content\/uploads\/2024\/12\/468102562_122126588852515651_3480547245421614889_n-150x150.jpg\" class=\"attachment-thumbnail size-thumbnail\" alt=\"\" \/><\/a>\n\t\t\t<\/div><\/figure>\n\t\t<\/div>\n\n<div dir=\"auto\">Excelente aceptaci\u00f3n del taller de \u201cSalud Bucal\u201d impartido por personal de sector salud, en coordinaci\u00f3n con la Direcci\u00f3n de Equidad y G\u00e9nero.<\/div>\n<div dir=\"auto\">Taller impartido el 21 de noviembre, en las instalaciones del sal\u00f3n de cultura. Al finalizar el evento la responsable de la direcci\u00f3n de equidad y g\u00e9nero, agradeci\u00f3 al personal de sector salud, en especial a la Dentista Citlaly Tuz Barrera, por hacer posible el taller de Salud bucal. En donde los participantes interactuaron con sus dudas y opiniones.<\/div>\n<div dir=\"auto\">Cabe mencionar que el personal de salud, llevo a cabo la agenda de citas m\u00e9dicas, para que, en los siguientes d\u00edas, las personas sean atendidos en el sector salud, para la extracci\u00f3n y limpieza dental.<\/div>\n","protected":false},"excerpt":{"rendered":"<p>Excelente aceptaci\u00f3n del taller de \u201cSalud Bucal\u201d impartido por personal de sector salud, en coordinaci\u00f3n con la Direcci\u00f3n de Equidad y G\u00e9nero. Taller impartido el 21 de noviembre, en las instalaciones del sal\u00f3n de cultura. Al finalizar el evento la responsable de la direcci\u00f3n de equidad y g\u00e9nero, agradeci\u00f3 al personal de sector salud, en [&hellip;]<\/p>\n","protected":false},"author":1,"featured_media":2717,"comment_status":"closed","ping_status":"open","sticky":false,"template":"","format":"standard","meta":{"footnotes":""},"categories":[12],"tags":[],"class_list":["post-2716","post","type-post","status-publish","format-standard","has-post-thumbnail","hentry","category-salud"],"_links":{"self":[{"href":"https:\/\/chemax.gob.mx\/index.php\/wp-json\/wp\/v2\/posts\/2716","targetHints":{"allow":["GET"]}}],"collection":[{"href":"https:\/\/chemax.gob.mx\/index.php\/wp-json\/wp\/v2\/posts"}],"about":[{"href":"https:\/\/chemax.gob.mx\/index.php\/wp-json\/wp\/v2\/types\/post"}],"author":[{"embeddable":true,"href":"https:\/\/chemax.gob.mx\/index.php\/wp-json\/wp\/v2\/users\/1"}],"replies":[{"embeddable":true,"href":"https:\/\/chemax.gob.mx\/index.php\/wp-json\/wp\/v2\/comments?post=2716"}],"version-history":[{"count":1,"href":"https:\/\/chemax.gob.mx\/index.php\/wp-json\/wp\/v2\/posts\/2716\/revisions"}],"predecessor-version":[{"id":2719,"href":"https:\/\/chemax.gob.mx\/index.php\/wp-json\/wp\/v2\/posts\/2716\/revisions\/2719"}],"wp:featuredmedia":[{"embeddable":true,"href":"https:\/\/chemax.gob.mx\/index.php\/wp-json\/wp\/v2\/media\/2717"}],"wp:attachment":[{"href":"https:\/\/chemax.gob.mx\/index.php\/wp-json\/wp\/v2\/media?parent=2716"}],"wp:term":[{"taxonomy":"category","embeddable":true,"href":"https:\/\/chemax.gob.mx\/index.php\/wp-json\/wp\/v2\/categories?post=2716"},{"taxonomy":"post_tag","embeddable":true,"href":"https:\/\/chemax.gob.mx\/index.php\/wp-json\/wp\/v2\/tags?post=2716"}],"curies":[{"name":"wp","href":"https:\/\/api.w.org\/{rel}","templated":true}]}}