{"id":2906,"date":"2025-01-22T15:04:49","date_gmt":"2025-01-22T15:04:49","guid":{"rendered":"https:\/\/chemax.gob.mx\/?p=2906"},"modified":"2025-01-22T15:04:49","modified_gmt":"2025-01-22T15:04:49","slug":"avance-de-construccion-de-domo-en-kuxeb","status":"publish","type":"post","link":"https:\/\/chemax.gob.mx\/index.php\/2025\/01\/22\/avance-de-construccion-de-domo-en-kuxeb\/","title":{"rendered":"Avance de construcci\u00f3n de domo en Kuxeb."},"content":{"rendered":"<div id='gallery-1' class='gallery galleryid-2906 gallery-columns-4 gallery-size-thumbnail'><figure class='gallery-item'>\n\t\t\t<div class='gallery-icon landscape'>\n\t\t\t\t<a href='https:\/\/chemax.gob.mx\/wp-content\/uploads\/2025\/01\/474072558_122139533852515651_8787961595780520905_n.jpg'><img loading=\"lazy\" decoding=\"async\" width=\"150\" height=\"150\" src=\"https:\/\/chemax.gob.mx\/wp-content\/uploads\/2025\/01\/474072558_122139533852515651_8787961595780520905_n-150x150.jpg\" class=\"attachment-thumbnail size-thumbnail\" alt=\"\" \/><\/a>\n\t\t\t<\/div><\/figure><figure class='gallery-item'>\n\t\t\t<div class='gallery-icon landscape'>\n\t\t\t\t<a href='https:\/\/chemax.gob.mx\/wp-content\/uploads\/2025\/01\/474098559_122139534410515651_6466577879841993273_n.jpg'><img loading=\"lazy\" decoding=\"async\" width=\"150\" height=\"150\" src=\"https:\/\/chemax.gob.mx\/wp-content\/uploads\/2025\/01\/474098559_122139534410515651_6466577879841993273_n-150x150.jpg\" class=\"attachment-thumbnail size-thumbnail\" alt=\"\" \/><\/a>\n\t\t\t<\/div><\/figure><figure class='gallery-item'>\n\t\t\t<div class='gallery-icon landscape'>\n\t\t\t\t<a href='https:\/\/chemax.gob.mx\/wp-content\/uploads\/2025\/01\/474193057_122139534434515651_1545055777004011207_n.jpg'><img loading=\"lazy\" decoding=\"async\" width=\"150\" height=\"150\" src=\"https:\/\/chemax.gob.mx\/wp-content\/uploads\/2025\/01\/474193057_122139534434515651_1545055777004011207_n-150x150.jpg\" class=\"attachment-thumbnail size-thumbnail\" alt=\"\" \/><\/a>\n\t\t\t<\/div><\/figure><figure class='gallery-item'>\n\t\t\t<div class='gallery-icon landscape'>\n\t\t\t\t<a href='https:\/\/chemax.gob.mx\/wp-content\/uploads\/2025\/01\/474452002_122139533900515651_542154535560428089_n.jpg'><img loading=\"lazy\" decoding=\"async\" width=\"150\" height=\"150\" src=\"https:\/\/chemax.gob.mx\/wp-content\/uploads\/2025\/01\/474452002_122139533900515651_542154535560428089_n-150x150.jpg\" class=\"attachment-thumbnail size-thumbnail\" alt=\"\" \/><\/a>\n\t\t\t<\/div><\/figure>\n\t\t<\/div>\n\n<div class=\"x11i5rnm xat24cr x1mh8g0r x1vvkbs xtlvy1s x126k92a\">\n<div dir=\"auto\">El director de obras P\u00fablicas, informa que la construcci\u00f3n del techado, en espacio multideportivo que construye el ayuntamiento, en la comisaria de Kuxeb, lleva un avance del 50 por ciento.<\/div>\n<\/div>\n<div class=\"x11i5rnm xat24cr x1mh8g0r x1vvkbs xtlvy1s x126k92a\">\n<div dir=\"auto\">Cabe hacer menci\u00f3n que esta obra se empez\u00f3 a construir el 22 de noviembre del presente a\u00f1o, en donde el presidente municipal \ud835\udc11\ud835\udc22\ud835\udc1c\ud835\udc1a\ud835\udc2b\ud835\udc1d\ud835\udc28 \ud835\udc01\ud835\udc1a\ud835\udc25\ud835\udc1a\ud835\udc26 \ud835\udc02\ud835\udc21\ud835\udc22, visito la comunidad y dio el banderazo de inicio de obra ante los presentes.<\/div>\n<\/div>\n<div class=\"x11i5rnm xat24cr x1mh8g0r x1vvkbs xtlvy1s x126k92a\">\n<div dir=\"auto\">Adem\u00e1s, explica que la administraci\u00f3n que encabeza \ud835\udc11\ud835\udc22\ud835\udc1c\ud835\udc1a\ud835\udc2b\ud835\udc1d\ud835\udc28 \ud835\udc01\ud835\udc1a\ud835\udc25\ud835\udc1a\ud835\udc26 \ud835\udc02\ud835\udc21\ud835\udc22, contin\u00faa trabajando en Chemax y sus comisarias. Puesto que desde el inicio de la presente administraci\u00f3n se han llevado a cabo diferentes acciones en beneficio de la poblaci\u00f3n, como apoyos econ\u00f3micos en salud como son: las cirug\u00edas, estudios m\u00e9dicos, medicamentos, an\u00e1lisis de laboratorios y operaciones o cualquier necesidad que afecte la econom\u00eda familiar como los gastos funerarios.<\/div>\n<\/div>\n<div class=\"x11i5rnm xat24cr x1mh8g0r x1vvkbs xtlvy1s x126k92a\">\n<div dir=\"auto\">Se han realizado acciones en obras p\u00fablicas, como la repavimentaci\u00f3n de calles y la ampliaci\u00f3n del alumbrado p\u00fablico en la Cabecera municipal. En Xalau, se repavimentaron calles y en la comisar\u00eda de sisbichen se inici\u00f3 la construcci\u00f3n de techos firmes.<\/div>\n<\/div>\n","protected":false},"excerpt":{"rendered":"<p>El director de obras P\u00fablicas, informa que la construcci\u00f3n del techado, en espacio multideportivo que construye el ayuntamiento, en la comisaria de Kuxeb, lleva un avance del 50 por ciento. Cabe hacer menci\u00f3n que esta obra se empez\u00f3 a construir el 22 de noviembre del presente a\u00f1o, en donde el presidente municipal \ud835\udc11\ud835\udc22\ud835\udc1c\ud835\udc1a\ud835\udc2b\ud835\udc1d\ud835\udc28 \ud835\udc01\ud835\udc1a\ud835\udc25\ud835\udc1a\ud835\udc26 \ud835\udc02\ud835\udc21\ud835\udc22, [&hellip;]<\/p>\n","protected":false},"author":1,"featured_media":2908,"comment_status":"closed","ping_status":"open","sticky":false,"template":"","format":"standard","meta":{"footnotes":""},"categories":[5],"tags":[],"class_list":["post-2906","post","type-post","status-publish","format-standard","has-post-thumbnail","hentry","category-obras-publicas"],"_links":{"self":[{"href":"https:\/\/chemax.gob.mx\/index.php\/wp-json\/wp\/v2\/posts\/2906","targetHints":{"allow":["GET"]}}],"collection":[{"href":"https:\/\/chemax.gob.mx\/index.php\/wp-json\/wp\/v2\/posts"}],"about":[{"href":"https:\/\/chemax.gob.mx\/index.php\/wp-json\/wp\/v2\/types\/post"}],"author":[{"embeddable":true,"href":"https:\/\/chemax.gob.mx\/index.php\/wp-json\/wp\/v2\/users\/1"}],"replies":[{"embeddable":true,"href":"https:\/\/chemax.gob.mx\/index.php\/wp-json\/wp\/v2\/comments?post=2906"}],"version-history":[{"count":1,"href":"https:\/\/chemax.gob.mx\/index.php\/wp-json\/wp\/v2\/posts\/2906\/revisions"}],"predecessor-version":[{"id":2911,"href":"https:\/\/chemax.gob.mx\/index.php\/wp-json\/wp\/v2\/posts\/2906\/revisions\/2911"}],"wp:featuredmedia":[{"embeddable":true,"href":"https:\/\/chemax.gob.mx\/index.php\/wp-json\/wp\/v2\/media\/2908"}],"wp:attachment":[{"href":"https:\/\/chemax.gob.mx\/index.php\/wp-json\/wp\/v2\/media?parent=2906"}],"wp:term":[{"taxonomy":"category","embeddable":true,"href":"https:\/\/chemax.gob.mx\/index.php\/wp-json\/wp\/v2\/categories?post=2906"},{"taxonomy":"post_tag","embeddable":true,"href":"https:\/\/chemax.gob.mx\/index.php\/wp-json\/wp\/v2\/tags?post=2906"}],"curies":[{"name":"wp","href":"https:\/\/api.w.org\/{rel}","templated":true}]}}