{"id":3193,"date":"2025-03-26T19:26:08","date_gmt":"2025-03-26T19:26:08","guid":{"rendered":"https:\/\/chemax.gob.mx\/?p=3193"},"modified":"2025-03-26T19:26:08","modified_gmt":"2025-03-26T19:26:08","slug":"capacitacion-para-policias","status":"publish","type":"post","link":"https:\/\/chemax.gob.mx\/index.php\/2025\/03\/26\/capacitacion-para-policias\/","title":{"rendered":"Capacitaci\u00f3n para polic\u00edas."},"content":{"rendered":"<div id='gallery-1' class='gallery galleryid-3193 gallery-columns-4 gallery-size-thumbnail'><figure class='gallery-item'>\n\t\t\t<div class='gallery-icon landscape'>\n\t\t\t\t<a href='https:\/\/chemax.gob.mx\/wp-content\/uploads\/2025\/03\/480434899_122145757250515651_185177889523854232_n.jpg'><img loading=\"lazy\" decoding=\"async\" width=\"150\" height=\"150\" src=\"https:\/\/chemax.gob.mx\/wp-content\/uploads\/2025\/03\/480434899_122145757250515651_185177889523854232_n-150x150.jpg\" class=\"attachment-thumbnail size-thumbnail\" alt=\"\" \/><\/a>\n\t\t\t<\/div><\/figure><figure class='gallery-item'>\n\t\t\t<div class='gallery-icon landscape'>\n\t\t\t\t<a href='https:\/\/chemax.gob.mx\/wp-content\/uploads\/2025\/03\/481014381_122145757328515651_6359974977183123278_n.jpg'><img loading=\"lazy\" decoding=\"async\" width=\"150\" height=\"150\" src=\"https:\/\/chemax.gob.mx\/wp-content\/uploads\/2025\/03\/481014381_122145757328515651_6359974977183123278_n-150x150.jpg\" class=\"attachment-thumbnail size-thumbnail\" alt=\"\" \/><\/a>\n\t\t\t<\/div><\/figure><figure class='gallery-item'>\n\t\t\t<div class='gallery-icon landscape'>\n\t\t\t\t<a href='https:\/\/chemax.gob.mx\/wp-content\/uploads\/2025\/03\/481259850_122145757262515651_9207052017411808373_n.jpg'><img loading=\"lazy\" decoding=\"async\" width=\"150\" height=\"150\" src=\"https:\/\/chemax.gob.mx\/wp-content\/uploads\/2025\/03\/481259850_122145757262515651_9207052017411808373_n-150x150.jpg\" class=\"attachment-thumbnail size-thumbnail\" alt=\"\" \/><\/a>\n\t\t\t<\/div><\/figure><figure class='gallery-item'>\n\t\t\t<div class='gallery-icon landscape'>\n\t\t\t\t<a href='https:\/\/chemax.gob.mx\/wp-content\/uploads\/2025\/03\/481479089_122145757256515651_6596235146094686342_n.jpg'><img loading=\"lazy\" decoding=\"async\" width=\"150\" height=\"150\" src=\"https:\/\/chemax.gob.mx\/wp-content\/uploads\/2025\/03\/481479089_122145757256515651_6596235146094686342_n-150x150.jpg\" class=\"attachment-thumbnail size-thumbnail\" alt=\"\" \/><\/a>\n\t\t\t<\/div><\/figure>\n\t\t<\/div>\n\n<div dir=\"auto\">Con el objetivo de fortalecer las capacidades de respuesta en situaciones de emergencia, el Ayuntamiento de Chemax inaugur\u00f3 el d\u00eda de ayer 26 de febrero una capacitaci\u00f3n dirigida a elementos (Polic\u00edas) de primer respondiente de la cabecera y sus comisar\u00edas.<\/div>\n<div dir=\"auto\">La capacitaci\u00f3n, que se llevar\u00e1 a cabo durante tres d\u00edas (26, 27 y 28 de febrero), contar\u00e1 con la participaci\u00f3n de la licenciada Martha Aguilar, responsable del curso y representante de la Jurisdicci\u00f3n Sanitaria. Los participantes recibir\u00e1n 7 horas de capacitaci\u00f3n diarias, desde las 9:00 a.m. hasta las 4:00 p.m.<\/div>\n<div dir=\"auto\">Esta iniciativa busca mejorar la capacidad de respuesta y atenci\u00f3n en situaciones de emergencia, contribuyendo a la seguridad y bienestar de los ciudadanos de Chemax y comisar\u00edas.&#8221;<\/div>\n","protected":false},"excerpt":{"rendered":"<p>Con el objetivo de fortalecer las capacidades de respuesta en situaciones de emergencia, el Ayuntamiento de Chemax inaugur\u00f3 el d\u00eda de ayer 26 de febrero una capacitaci\u00f3n dirigida a elementos (Polic\u00edas) de primer respondiente de la cabecera y sus comisar\u00edas. La capacitaci\u00f3n, que se llevar\u00e1 a cabo durante tres d\u00edas (26, 27 y 28 de [&hellip;]<\/p>\n","protected":false},"author":1,"featured_media":3195,"comment_status":"closed","ping_status":"open","sticky":false,"template":"","format":"standard","meta":{"footnotes":""},"categories":[2],"tags":[],"class_list":["post-3193","post","type-post","status-publish","format-standard","has-post-thumbnail","hentry","category-seguridad-publica"],"_links":{"self":[{"href":"https:\/\/chemax.gob.mx\/index.php\/wp-json\/wp\/v2\/posts\/3193","targetHints":{"allow":["GET"]}}],"collection":[{"href":"https:\/\/chemax.gob.mx\/index.php\/wp-json\/wp\/v2\/posts"}],"about":[{"href":"https:\/\/chemax.gob.mx\/index.php\/wp-json\/wp\/v2\/types\/post"}],"author":[{"embeddable":true,"href":"https:\/\/chemax.gob.mx\/index.php\/wp-json\/wp\/v2\/users\/1"}],"replies":[{"embeddable":true,"href":"https:\/\/chemax.gob.mx\/index.php\/wp-json\/wp\/v2\/comments?post=3193"}],"version-history":[{"count":1,"href":"https:\/\/chemax.gob.mx\/index.php\/wp-json\/wp\/v2\/posts\/3193\/revisions"}],"predecessor-version":[{"id":3198,"href":"https:\/\/chemax.gob.mx\/index.php\/wp-json\/wp\/v2\/posts\/3193\/revisions\/3198"}],"wp:featuredmedia":[{"embeddable":true,"href":"https:\/\/chemax.gob.mx\/index.php\/wp-json\/wp\/v2\/media\/3195"}],"wp:attachment":[{"href":"https:\/\/chemax.gob.mx\/index.php\/wp-json\/wp\/v2\/media?parent=3193"}],"wp:term":[{"taxonomy":"category","embeddable":true,"href":"https:\/\/chemax.gob.mx\/index.php\/wp-json\/wp\/v2\/categories?post=3193"},{"taxonomy":"post_tag","embeddable":true,"href":"https:\/\/chemax.gob.mx\/index.php\/wp-json\/wp\/v2\/tags?post=3193"}],"curies":[{"name":"wp","href":"https:\/\/api.w.org\/{rel}","templated":true}]}}