{"id":3214,"date":"2025-03-26T21:51:02","date_gmt":"2025-03-26T21:51:02","guid":{"rendered":"https:\/\/chemax.gob.mx\/?p=3214"},"modified":"2025-03-26T21:51:02","modified_gmt":"2025-03-26T21:51:02","slug":"actividades-de-salud-durante-el-dia-internacional-de-la-mujer","status":"publish","type":"post","link":"https:\/\/chemax.gob.mx\/index.php\/2025\/03\/26\/actividades-de-salud-durante-el-dia-internacional-de-la-mujer\/","title":{"rendered":"Actividades de salud durante el D\u00eda Internacional de la Mujer."},"content":{"rendered":"<div id='gallery-1' class='gallery galleryid-3214 gallery-columns-3 gallery-size-thumbnail'><figure class='gallery-item'>\n\t\t\t<div class='gallery-icon landscape'>\n\t\t\t\t<a href='https:\/\/chemax.gob.mx\/wp-content\/uploads\/2025\/03\/482222392_122148055454515651_7610383709381016892_n.jpg'><img loading=\"lazy\" decoding=\"async\" width=\"150\" height=\"150\" src=\"https:\/\/chemax.gob.mx\/wp-content\/uploads\/2025\/03\/482222392_122148055454515651_7610383709381016892_n-150x150.jpg\" class=\"attachment-thumbnail size-thumbnail\" alt=\"\" \/><\/a>\n\t\t\t<\/div><\/figure><figure class='gallery-item'>\n\t\t\t<div class='gallery-icon landscape'>\n\t\t\t\t<a href='https:\/\/chemax.gob.mx\/wp-content\/uploads\/2025\/03\/482344437_122148055526515651_6793416970472794795_n.jpg'><img loading=\"lazy\" decoding=\"async\" width=\"150\" height=\"150\" src=\"https:\/\/chemax.gob.mx\/wp-content\/uploads\/2025\/03\/482344437_122148055526515651_6793416970472794795_n-150x150.jpg\" class=\"attachment-thumbnail size-thumbnail\" alt=\"\" \/><\/a>\n\t\t\t<\/div><\/figure><figure class='gallery-item'>\n\t\t\t<div class='gallery-icon landscape'>\n\t\t\t\t<a href='https:\/\/chemax.gob.mx\/wp-content\/uploads\/2025\/03\/482352692_122148055478515651_6254275064183226831_n.jpg'><img loading=\"lazy\" decoding=\"async\" width=\"150\" height=\"150\" src=\"https:\/\/chemax.gob.mx\/wp-content\/uploads\/2025\/03\/482352692_122148055478515651_6254275064183226831_n-150x150.jpg\" class=\"attachment-thumbnail size-thumbnail\" alt=\"\" \/><\/a>\n\t\t\t<\/div><\/figure>\n\t\t<\/div>\n\n<div dir=\"auto\">El pasado viernes 7 de marzo, la direcci\u00f3n de salud del ayuntamiento se uni\u00f3 a la celebraci\u00f3n del D\u00eda Internacional de la Mujer con una emotiva caminata y una serie de actividades de salud, organizada por la doctora Arelly Gabriela Canche Barrios, responsable del sector Salud.<\/div>\n<div dir=\"auto\">La caminata, cont\u00f3 con la participaci\u00f3n de la direcci\u00f3n de Equidad y g\u00e9nero, comenz\u00f3 a las 8:00 am en la calle 14 x 21 y 23 de la colonia centro. Los participantes recorrieron la calle 21 hasta llegar a la plaza principal, donde se llev\u00f3 a cabo un acto conmemorativo.<\/div>\n<div dir=\"auto\">Pero la celebraci\u00f3n no termin\u00f3 ah\u00ed. El sector Salud, en colaboraci\u00f3n con la direcci\u00f3n de Salud, ofreci\u00f3 pruebas gratuitas de c\u00e1ncer de cuello uterino y de mama, promoviendo la salud y el bienestar de las mujeres de la comunidad.<\/div>\n<div dir=\"auto\">Adem\u00e1s, la direcci\u00f3n de Equidad y G\u00e9nero particip\u00f3 en las actividades realizadas en la secundaria Luis Rosado Vega, a cargo del director Rodolfo Medina Mart\u00edn. En representaci\u00f3n del alcalde \ud835\udc11\ud835\udc22\ud835\udc1c\ud835\udc1a\ud835\udc2b\ud835\udc1d\ud835\udc28 \ud835\udc01\ud835\udc1a\ud835\udc25\ud835\udc1a\ud835\udc26 \ud835\udc02\ud835\udc21\ud835\udc22, el director de Educaci\u00f3n se uni\u00f3 a la celebraci\u00f3n, destacando la importancia de la igualdad de g\u00e9nero y el empoderamiento de las mujeres en la sociedad.<\/div>\n<div dir=\"auto\">La conmemoraci\u00f3n del D\u00eda Internacional de la Mujer en Chemax fue un \u00e9xito, gracias a la colaboraci\u00f3n de las diferentes direcciones y sectores de la comunidad. La celebraci\u00f3n sirvi\u00f3 como un recordatorio de la importancia de promover la igualdad de g\u00e9nero y el bienestar de las mujeres en la sociedad.<\/div>\n","protected":false},"excerpt":{"rendered":"<p>El pasado viernes 7 de marzo, la direcci\u00f3n de salud del ayuntamiento se uni\u00f3 a la celebraci\u00f3n del D\u00eda Internacional de la Mujer con una emotiva caminata y una serie de actividades de salud, organizada por la doctora Arelly Gabriela Canche Barrios, responsable del sector Salud. La caminata, cont\u00f3 con la participaci\u00f3n de la direcci\u00f3n [&hellip;]<\/p>\n","protected":false},"author":1,"featured_media":3217,"comment_status":"closed","ping_status":"open","sticky":false,"template":"","format":"standard","meta":{"footnotes":""},"categories":[12],"tags":[],"class_list":["post-3214","post","type-post","status-publish","format-standard","has-post-thumbnail","hentry","category-salud"],"_links":{"self":[{"href":"https:\/\/chemax.gob.mx\/index.php\/wp-json\/wp\/v2\/posts\/3214","targetHints":{"allow":["GET"]}}],"collection":[{"href":"https:\/\/chemax.gob.mx\/index.php\/wp-json\/wp\/v2\/posts"}],"about":[{"href":"https:\/\/chemax.gob.mx\/index.php\/wp-json\/wp\/v2\/types\/post"}],"author":[{"embeddable":true,"href":"https:\/\/chemax.gob.mx\/index.php\/wp-json\/wp\/v2\/users\/1"}],"replies":[{"embeddable":true,"href":"https:\/\/chemax.gob.mx\/index.php\/wp-json\/wp\/v2\/comments?post=3214"}],"version-history":[{"count":1,"href":"https:\/\/chemax.gob.mx\/index.php\/wp-json\/wp\/v2\/posts\/3214\/revisions"}],"predecessor-version":[{"id":3218,"href":"https:\/\/chemax.gob.mx\/index.php\/wp-json\/wp\/v2\/posts\/3214\/revisions\/3218"}],"wp:featuredmedia":[{"embeddable":true,"href":"https:\/\/chemax.gob.mx\/index.php\/wp-json\/wp\/v2\/media\/3217"}],"wp:attachment":[{"href":"https:\/\/chemax.gob.mx\/index.php\/wp-json\/wp\/v2\/media?parent=3214"}],"wp:term":[{"taxonomy":"category","embeddable":true,"href":"https:\/\/chemax.gob.mx\/index.php\/wp-json\/wp\/v2\/categories?post=3214"},{"taxonomy":"post_tag","embeddable":true,"href":"https:\/\/chemax.gob.mx\/index.php\/wp-json\/wp\/v2\/tags?post=3214"}],"curies":[{"name":"wp","href":"https:\/\/api.w.org\/{rel}","templated":true}]}}