{"id":3590,"date":"2025-06-18T18:47:23","date_gmt":"2025-06-18T18:47:23","guid":{"rendered":"https:\/\/chemax.gob.mx\/?p=3590"},"modified":"2025-06-18T18:47:23","modified_gmt":"2025-06-18T18:47:23","slug":"inicia-la-feria-tradicional-chemax-2025","status":"publish","type":"post","link":"https:\/\/chemax.gob.mx\/index.php\/2025\/06\/18\/inicia-la-feria-tradicional-chemax-2025\/","title":{"rendered":"Inicia la Feria Tradicional Chemax 2025."},"content":{"rendered":"<div id='gallery-1' class='gallery galleryid-3590 gallery-columns-6 gallery-size-thumbnail'><figure class='gallery-item'>\n\t\t\t<div class='gallery-icon landscape'>\n\t\t\t\t<a href='https:\/\/chemax.gob.mx\/wp-content\/uploads\/2025\/06\/503473494_122162718794515651_7977883385280203603_n.jpg'><img loading=\"lazy\" decoding=\"async\" width=\"150\" height=\"150\" src=\"https:\/\/chemax.gob.mx\/wp-content\/uploads\/2025\/06\/503473494_122162718794515651_7977883385280203603_n-150x150.jpg\" class=\"attachment-thumbnail size-thumbnail\" alt=\"\" \/><\/a>\n\t\t\t<\/div><\/figure><figure class='gallery-item'>\n\t\t\t<div class='gallery-icon landscape'>\n\t\t\t\t<a href='https:\/\/chemax.gob.mx\/wp-content\/uploads\/2025\/06\/503497113_122162718440515651_6092838797019069984_n.jpg'><img loading=\"lazy\" decoding=\"async\" width=\"150\" height=\"150\" src=\"https:\/\/chemax.gob.mx\/wp-content\/uploads\/2025\/06\/503497113_122162718440515651_6092838797019069984_n-150x150.jpg\" class=\"attachment-thumbnail size-thumbnail\" alt=\"\" \/><\/a>\n\t\t\t<\/div><\/figure><figure class='gallery-item'>\n\t\t\t<div class='gallery-icon landscape'>\n\t\t\t\t<a href='https:\/\/chemax.gob.mx\/wp-content\/uploads\/2025\/06\/503579103_122162718698515651_1647384201381797847_n.jpg'><img loading=\"lazy\" decoding=\"async\" width=\"150\" height=\"150\" src=\"https:\/\/chemax.gob.mx\/wp-content\/uploads\/2025\/06\/503579103_122162718698515651_1647384201381797847_n-150x150.jpg\" class=\"attachment-thumbnail size-thumbnail\" alt=\"\" \/><\/a>\n\t\t\t<\/div><\/figure><figure class='gallery-item'>\n\t\t\t<div class='gallery-icon portrait'>\n\t\t\t\t<a href='https:\/\/chemax.gob.mx\/wp-content\/uploads\/2025\/06\/503632620_122162718542515651_8336513663506334365_n.jpg'><img loading=\"lazy\" decoding=\"async\" width=\"150\" height=\"150\" src=\"https:\/\/chemax.gob.mx\/wp-content\/uploads\/2025\/06\/503632620_122162718542515651_8336513663506334365_n-150x150.jpg\" class=\"attachment-thumbnail size-thumbnail\" alt=\"\" \/><\/a>\n\t\t\t<\/div><\/figure><figure class='gallery-item'>\n\t\t\t<div class='gallery-icon landscape'>\n\t\t\t\t<a href='https:\/\/chemax.gob.mx\/wp-content\/uploads\/2025\/06\/503799312_122162718986515651_5261301658031771644_n.jpg'><img loading=\"lazy\" decoding=\"async\" width=\"150\" height=\"150\" src=\"https:\/\/chemax.gob.mx\/wp-content\/uploads\/2025\/06\/503799312_122162718986515651_5261301658031771644_n-150x150.jpg\" class=\"attachment-thumbnail size-thumbnail\" alt=\"\" \/><\/a>\n\t\t\t<\/div><\/figure><figure class='gallery-item'>\n\t\t\t<div class='gallery-icon landscape'>\n\t\t\t\t<a href='https:\/\/chemax.gob.mx\/wp-content\/uploads\/2025\/06\/503925842_122162718590515651_7337694545051691067_n.jpg'><img loading=\"lazy\" decoding=\"async\" width=\"150\" height=\"150\" src=\"https:\/\/chemax.gob.mx\/wp-content\/uploads\/2025\/06\/503925842_122162718590515651_7337694545051691067_n-150x150.jpg\" class=\"attachment-thumbnail size-thumbnail\" alt=\"\" \/><\/a>\n\t\t\t<\/div><\/figure>\n\t\t<\/div>\n\n<div dir=\"auto\">Con gran entusiasmo, se dio inicio a la Feria Tradicional de Chemax 2025 en honor a San Antonio de Padua. El evento tuvo lugar la noche del 1 de junio y cont\u00f3 con la participaci\u00f3n de autoridades municipales, organizadores de la feria, el p\u00e1rroco de la comunidad y representantes estatales.<\/div>\n<div dir=\"auto\">Las actividades comenzaron puntualmente a las 9:00 de la noche con una misa en honor a San Antonio de Padua, patrono de la comunidad, como parte de la tradicional \u201cNoche Vaquer\u00eda\u201d. Al concluir la ceremonia religiosa, se realiz\u00f3 una caminata desde la iglesia hasta el recinto ferial, en la que participaron el p\u00e1rroco, el presidente municipal, los organizadores de la feria y numerosos feligreses, quienes acompa\u00f1aron el recorrido con fervor y entusiasmo.<\/div>\n<div dir=\"auto\">Posteriormente, a las 11:25 de la noche, dio inicio la esperada ceremonia de coronaci\u00f3n de la reina, la princesa y la embajadora de la feria, marcando el inicio oficial de las festividades.<\/div>\n<div dir=\"auto\">Durante la ceremonia se llev\u00f3 a cabo la coronaci\u00f3n de la reina de la feria, la Srta. Mar\u00eda Magdalena Mukul Chuc, quien fue coronda por el presidente municipal de Chemax, \ud835\udc11\ud835\udc22\ud835\udc1c\ud835\udc1a\ud835\udc2b\ud835\udc1d\ud835\udc28 \ud835\udc01\ud835\udc1a\ud835\udc25\ud835\udc1a\ud835\udc26 \ud835\udc02\ud835\udc21\ud835\udc22. Asimismo, se coron\u00f3 a la embajadora de la feria, la Srta. Beatriz Adriana Cupul Maas, por el diputado de la feria, Jos\u00e9 Jacinto Balam Ch\u00f3, y a la princesa, la Srta. \u00c1ngela Paula Oxte Guti\u00e9rrez, por el p\u00e1rroco Humberto Tun Balam. De igual forma estuvo el C. Eladio Balam Cho, integrante del comit\u00e9 organizador y responsable de la Gran noche Vaquer\u00eda.<\/div>\n<div dir=\"auto\">En representaci\u00f3n del gobernador del estado, Joaqu\u00edn D\u00edaz Mena, asisti\u00f3 el Ing. Jaime Matos N\u00fa\u00f1ez, quien acompa\u00f1\u00f3 a las autoridades locales durante el evento.<\/div>\n<div dir=\"auto\">Con esta ceremonia, qued\u00f3 oficialmente inaugurada la Feria Tradicional de Chemax 2025, una de las celebraciones m\u00e1s importantes del municipio, que durante los pr\u00f3ximos d\u00edas reunir\u00e1 a familias y visitantes en torno a la fe, la cultura y las tradiciones del pueblo.<\/div>\n","protected":false},"excerpt":{"rendered":"<p>Con gran entusiasmo, se dio inicio a la Feria Tradicional de Chemax 2025 en honor a San Antonio de Padua. El evento tuvo lugar la noche del 1 de junio y cont\u00f3 con la participaci\u00f3n de autoridades municipales, organizadores de la feria, el p\u00e1rroco de la comunidad y representantes estatales. Las actividades comenzaron puntualmente a [&hellip;]<\/p>\n","protected":false},"author":1,"featured_media":3596,"comment_status":"closed","ping_status":"open","sticky":false,"template":"","format":"standard","meta":{"footnotes":""},"categories":[11],"tags":[],"class_list":["post-3590","post","type-post","status-publish","format-standard","has-post-thumbnail","hentry","category-cultura"],"_links":{"self":[{"href":"https:\/\/chemax.gob.mx\/index.php\/wp-json\/wp\/v2\/posts\/3590","targetHints":{"allow":["GET"]}}],"collection":[{"href":"https:\/\/chemax.gob.mx\/index.php\/wp-json\/wp\/v2\/posts"}],"about":[{"href":"https:\/\/chemax.gob.mx\/index.php\/wp-json\/wp\/v2\/types\/post"}],"author":[{"embeddable":true,"href":"https:\/\/chemax.gob.mx\/index.php\/wp-json\/wp\/v2\/users\/1"}],"replies":[{"embeddable":true,"href":"https:\/\/chemax.gob.mx\/index.php\/wp-json\/wp\/v2\/comments?post=3590"}],"version-history":[{"count":1,"href":"https:\/\/chemax.gob.mx\/index.php\/wp-json\/wp\/v2\/posts\/3590\/revisions"}],"predecessor-version":[{"id":3597,"href":"https:\/\/chemax.gob.mx\/index.php\/wp-json\/wp\/v2\/posts\/3590\/revisions\/3597"}],"wp:featuredmedia":[{"embeddable":true,"href":"https:\/\/chemax.gob.mx\/index.php\/wp-json\/wp\/v2\/media\/3596"}],"wp:attachment":[{"href":"https:\/\/chemax.gob.mx\/index.php\/wp-json\/wp\/v2\/media?parent=3590"}],"wp:term":[{"taxonomy":"category","embeddable":true,"href":"https:\/\/chemax.gob.mx\/index.php\/wp-json\/wp\/v2\/categories?post=3590"},{"taxonomy":"post_tag","embeddable":true,"href":"https:\/\/chemax.gob.mx\/index.php\/wp-json\/wp\/v2\/tags?post=3590"}],"curies":[{"name":"wp","href":"https:\/\/api.w.org\/{rel}","templated":true}]}}