{"id":3784,"date":"2025-08-19T15:24:21","date_gmt":"2025-08-19T15:24:21","guid":{"rendered":"https:\/\/chemax.gob.mx\/?p=3784"},"modified":"2025-08-19T15:24:21","modified_gmt":"2025-08-19T15:24:21","slug":"entrega-de-bano-compartido-en-escuela-primaria","status":"publish","type":"post","link":"https:\/\/chemax.gob.mx\/index.php\/2025\/08\/19\/entrega-de-bano-compartido-en-escuela-primaria\/","title":{"rendered":"Entrega de ba\u00f1o compartido en escuela primaria."},"content":{"rendered":"<div id='gallery-1' class='gallery galleryid-3784 gallery-columns-4 gallery-size-thumbnail'><figure class='gallery-item'>\n\t\t\t<div class='gallery-icon portrait'>\n\t\t\t\t<a href='https:\/\/chemax.gob.mx\/wp-content\/uploads\/2025\/08\/531394130_122174396036515651_2089473909389700600_n.jpg'><img loading=\"lazy\" decoding=\"async\" width=\"150\" height=\"150\" src=\"https:\/\/chemax.gob.mx\/wp-content\/uploads\/2025\/08\/531394130_122174396036515651_2089473909389700600_n-150x150.jpg\" class=\"attachment-thumbnail size-thumbnail\" alt=\"\" \/><\/a>\n\t\t\t<\/div><\/figure><figure class='gallery-item'>\n\t\t\t<div class='gallery-icon landscape'>\n\t\t\t\t<a href='https:\/\/chemax.gob.mx\/wp-content\/uploads\/2025\/08\/531444606_122174396150515651_4468687818601556054_n.jpg'><img loading=\"lazy\" decoding=\"async\" width=\"150\" height=\"150\" src=\"https:\/\/chemax.gob.mx\/wp-content\/uploads\/2025\/08\/531444606_122174396150515651_4468687818601556054_n-150x150.jpg\" class=\"attachment-thumbnail size-thumbnail\" alt=\"\" \/><\/a>\n\t\t\t<\/div><\/figure><figure class='gallery-item'>\n\t\t\t<div class='gallery-icon landscape'>\n\t\t\t\t<a href='https:\/\/chemax.gob.mx\/wp-content\/uploads\/2025\/08\/531893599_122174396204515651_1938979870367448310_n.jpg'><img loading=\"lazy\" decoding=\"async\" width=\"150\" height=\"150\" src=\"https:\/\/chemax.gob.mx\/wp-content\/uploads\/2025\/08\/531893599_122174396204515651_1938979870367448310_n-150x150.jpg\" class=\"attachment-thumbnail size-thumbnail\" alt=\"\" \/><\/a>\n\t\t\t<\/div><\/figure><figure class='gallery-item'>\n\t\t\t<div class='gallery-icon landscape'>\n\t\t\t\t<a href='https:\/\/chemax.gob.mx\/wp-content\/uploads\/2025\/08\/532259024_122174396108515651_6199831038174441926_n.jpg'><img loading=\"lazy\" decoding=\"async\" width=\"150\" height=\"150\" src=\"https:\/\/chemax.gob.mx\/wp-content\/uploads\/2025\/08\/532259024_122174396108515651_6199831038174441926_n-150x150.jpg\" class=\"attachment-thumbnail size-thumbnail\" alt=\"\" \/><\/a>\n\t\t\t<\/div><\/figure>\n\t\t<\/div>\n\n<div dir=\"auto\">El alcalde municipal \ud835\udc11\ud835\udc22\ud835\udc1c\ud835\udc1a\ud835\udc2b\ud835\udc1d\ud835\udc28 \ud835\udc01\ud835\udc1a\ud835\udc25\ud835\udc1a\ud835\udc26 \ud835\udc02\ud835\udc21\ud835\udc22 hizo entrega de un ba\u00f1o compartido con divisi\u00f3n para maestras y maestros en la escuela primaria Rafael Ram\u00edrez Casta\u00f1eda, turno vespertino. La ceremonia de entrega se llev\u00f3 a cabo el lunes 11 de agosto a las 18:00 horas, en presencia de funcionarios del Ayuntamiento y autoridades educativas del plantel.<\/div>\n<div dir=\"auto\">La obra incluye la construcci\u00f3n de una fosa s\u00e9ptica, lo cual garantiza un sistema sanitario funcional, adecuado y digno para el personal docente. Con este tipo de acciones, el Ayuntamiento busca mejorar las condiciones de las instalaciones escolares y ofrecer espacios seguros y funcionales para quienes forman parte de la comunidad educativa.<\/div>\n<div dir=\"auto\">Durante su intervenci\u00f3n, el alcalde destac\u00f3 el compromiso de su administraci\u00f3n con la mejora de la infraestructura educativa del municipio. \u201cSomos una administraci\u00f3n que escucha, da respuestas y trabaja por el bienestar de nuestras escuelas\u201d, afirm\u00f3. Asimismo, inform\u00f3 que se llevan a cabo trabajos en las secundarias Luis Rosado Vega y Luis Humberto Monsreal Oxte, donde se construye un campo de usos m\u00faltiples.<\/div>\n<div dir=\"auto\">En el evento estuvieron presentes la directora del plantel, Mtra. Alejandrina Ram\u00edrez Ku, y el supervisor de zona, Mtro. Antonio Novelo, quienes agradecieron el apoyo brindado por el Ayuntamiento.<\/div>\n<div dir=\"auto\">La administraci\u00f3n Municipal de Chemax a trav\u00e9s del alcalde \ud835\udc11\ud835\udc22\ud835\udc1c\ud835\udc1a\ud835\udc2b\ud835\udc1d\ud835\udc28 \ud835\udc01\ud835\udc1a\ud835\udc25\ud835\udc1a\ud835\udc26 reafirma su compromiso con el fortalecimiento de la infraestructura educativa, con acciones que generan un impacto positivo en la comunidad.<\/div>\n","protected":false},"excerpt":{"rendered":"<p>El alcalde municipal \ud835\udc11\ud835\udc22\ud835\udc1c\ud835\udc1a\ud835\udc2b\ud835\udc1d\ud835\udc28 \ud835\udc01\ud835\udc1a\ud835\udc25\ud835\udc1a\ud835\udc26 \ud835\udc02\ud835\udc21\ud835\udc22 hizo entrega de un ba\u00f1o compartido con divisi\u00f3n para maestras y maestros en la escuela primaria Rafael Ram\u00edrez Casta\u00f1eda, turno vespertino. La ceremonia de entrega se llev\u00f3 a cabo el lunes 11 de agosto a las 18:00 horas, en presencia de funcionarios del Ayuntamiento y autoridades educativas del plantel. [&hellip;]<\/p>\n","protected":false},"author":1,"featured_media":3788,"comment_status":"closed","ping_status":"open","sticky":false,"template":"","format":"standard","meta":{"footnotes":""},"categories":[5],"tags":[],"class_list":["post-3784","post","type-post","status-publish","format-standard","has-post-thumbnail","hentry","category-obras-publicas"],"_links":{"self":[{"href":"https:\/\/chemax.gob.mx\/index.php\/wp-json\/wp\/v2\/posts\/3784","targetHints":{"allow":["GET"]}}],"collection":[{"href":"https:\/\/chemax.gob.mx\/index.php\/wp-json\/wp\/v2\/posts"}],"about":[{"href":"https:\/\/chemax.gob.mx\/index.php\/wp-json\/wp\/v2\/types\/post"}],"author":[{"embeddable":true,"href":"https:\/\/chemax.gob.mx\/index.php\/wp-json\/wp\/v2\/users\/1"}],"replies":[{"embeddable":true,"href":"https:\/\/chemax.gob.mx\/index.php\/wp-json\/wp\/v2\/comments?post=3784"}],"version-history":[{"count":1,"href":"https:\/\/chemax.gob.mx\/index.php\/wp-json\/wp\/v2\/posts\/3784\/revisions"}],"predecessor-version":[{"id":3789,"href":"https:\/\/chemax.gob.mx\/index.php\/wp-json\/wp\/v2\/posts\/3784\/revisions\/3789"}],"wp:featuredmedia":[{"embeddable":true,"href":"https:\/\/chemax.gob.mx\/index.php\/wp-json\/wp\/v2\/media\/3788"}],"wp:attachment":[{"href":"https:\/\/chemax.gob.mx\/index.php\/wp-json\/wp\/v2\/media?parent=3784"}],"wp:term":[{"taxonomy":"category","embeddable":true,"href":"https:\/\/chemax.gob.mx\/index.php\/wp-json\/wp\/v2\/categories?post=3784"},{"taxonomy":"post_tag","embeddable":true,"href":"https:\/\/chemax.gob.mx\/index.php\/wp-json\/wp\/v2\/tags?post=3784"}],"curies":[{"name":"wp","href":"https:\/\/api.w.org\/{rel}","templated":true}]}}