{"id":3967,"date":"2025-10-22T15:09:14","date_gmt":"2025-10-22T15:09:14","guid":{"rendered":"https:\/\/chemax.gob.mx\/?p=3967"},"modified":"2025-10-22T15:09:14","modified_gmt":"2025-10-22T15:09:14","slug":"arranca-pavimentacion-en-cabecera-municipal","status":"publish","type":"post","link":"https:\/\/chemax.gob.mx\/index.php\/2025\/10\/22\/arranca-pavimentacion-en-cabecera-municipal\/","title":{"rendered":"Arranca pavimentaci\u00f3n en cabecera municipal."},"content":{"rendered":"<div id='gallery-1' class='gallery galleryid-3967 gallery-columns-4 gallery-size-thumbnail'><figure class='gallery-item'>\n\t\t\t<div class='gallery-icon landscape'>\n\t\t\t\t<a href='https:\/\/chemax.gob.mx\/wp-content\/uploads\/2025\/10\/557599203_122181792488515651_6815696532751475530_n.jpg'><img loading=\"lazy\" decoding=\"async\" width=\"150\" height=\"150\" src=\"https:\/\/chemax.gob.mx\/wp-content\/uploads\/2025\/10\/557599203_122181792488515651_6815696532751475530_n-150x150.jpg\" class=\"attachment-thumbnail size-thumbnail\" alt=\"\" \/><\/a>\n\t\t\t<\/div><\/figure><figure class='gallery-item'>\n\t\t\t<div class='gallery-icon landscape'>\n\t\t\t\t<a href='https:\/\/chemax.gob.mx\/wp-content\/uploads\/2025\/10\/557600421_122181792620515651_1281475191187594558_n.jpg'><img loading=\"lazy\" decoding=\"async\" width=\"150\" height=\"150\" src=\"https:\/\/chemax.gob.mx\/wp-content\/uploads\/2025\/10\/557600421_122181792620515651_1281475191187594558_n-150x150.jpg\" class=\"attachment-thumbnail size-thumbnail\" alt=\"\" \/><\/a>\n\t\t\t<\/div><\/figure><figure class='gallery-item'>\n\t\t\t<div class='gallery-icon landscape'>\n\t\t\t\t<a href='https:\/\/chemax.gob.mx\/wp-content\/uploads\/2025\/10\/557625010_122181792548515651_3375971621144011553_n.jpg'><img loading=\"lazy\" decoding=\"async\" width=\"150\" height=\"150\" src=\"https:\/\/chemax.gob.mx\/wp-content\/uploads\/2025\/10\/557625010_122181792548515651_3375971621144011553_n-150x150.jpg\" class=\"attachment-thumbnail size-thumbnail\" alt=\"\" \/><\/a>\n\t\t\t<\/div><\/figure><figure class='gallery-item'>\n\t\t\t<div class='gallery-icon landscape'>\n\t\t\t\t<a href='https:\/\/chemax.gob.mx\/wp-content\/uploads\/2025\/10\/557729470_122181792518515651_6486548901318368232_n.jpg'><img loading=\"lazy\" decoding=\"async\" width=\"150\" height=\"150\" src=\"https:\/\/chemax.gob.mx\/wp-content\/uploads\/2025\/10\/557729470_122181792518515651_6486548901318368232_n-150x150.jpg\" class=\"attachment-thumbnail size-thumbnail\" alt=\"\" \/><\/a>\n\t\t\t<\/div><\/figure>\n\t\t<\/div>\n\n<div dir=\"auto\">El alcalde municipal \ud835\udc11\ud835\udc22\ud835\udc1c\ud835\udc1a\ud835\udc2b\ud835\udc1d\ud835\udc28 \ud835\udc01\ud835\udc1a\ud835\udc25\ud835\udc1a\ud835\udc26 \ud835\udc02\ud835\udc21\ud835\udc22 supervis\u00f3 esta ma\u00f1ana el banderazo de inicio de los trabajos de pavimentaci\u00f3n de calles en la cabecera municipal.<\/div>\n<div dir=\"auto\">Las labores comenzaron en la calle 23 y la calle 24 de la colonia Centro, con terminaci\u00f3n en la colonia San Francisco de As\u00eds, beneficiando directamente a decenas de familias de la zona.<\/div>\n<div dir=\"auto\">Durante su mensaje ante los vecinos, el alcalde destac\u00f3 que esta obra representa un paso importante para mejorar la infraestructura vial de Chemax, ya que muy pronto las familias contar\u00e1n con calles pavimentadas, iluminadas y con banquetas seguras, lo que tambi\u00e9n contribuir\u00e1 a incrementar la plusval\u00eda de sus patrimonios.<\/div>\n<div dir=\"auto\">\u201cHoy vengo a constatar que sean obras de calidad, que realmente beneficien a la ciudadan\u00eda y que transformen el entorno de nuestro municipio\u201d, subray\u00f3 el alcalde.<\/div>\n<div dir=\"auto\">Con estas acciones, el Ayuntamiento de Chemax reafirma su compromiso de impulsar el desarrollo urbano y mejorar la calidad de vida de las familias.<\/div>\n","protected":false},"excerpt":{"rendered":"<p>El alcalde municipal \ud835\udc11\ud835\udc22\ud835\udc1c\ud835\udc1a\ud835\udc2b\ud835\udc1d\ud835\udc28 \ud835\udc01\ud835\udc1a\ud835\udc25\ud835\udc1a\ud835\udc26 \ud835\udc02\ud835\udc21\ud835\udc22 supervis\u00f3 esta ma\u00f1ana el banderazo de inicio de los trabajos de pavimentaci\u00f3n de calles en la cabecera municipal. Las labores comenzaron en la calle 23 y la calle 24 de la colonia Centro, con terminaci\u00f3n en la colonia San Francisco de As\u00eds, beneficiando directamente a decenas de familias de [&hellip;]<\/p>\n","protected":false},"author":1,"featured_media":3971,"comment_status":"closed","ping_status":"open","sticky":false,"template":"","format":"standard","meta":{"footnotes":""},"categories":[5],"tags":[],"class_list":["post-3967","post","type-post","status-publish","format-standard","has-post-thumbnail","hentry","category-obras-publicas"],"_links":{"self":[{"href":"https:\/\/chemax.gob.mx\/index.php\/wp-json\/wp\/v2\/posts\/3967","targetHints":{"allow":["GET"]}}],"collection":[{"href":"https:\/\/chemax.gob.mx\/index.php\/wp-json\/wp\/v2\/posts"}],"about":[{"href":"https:\/\/chemax.gob.mx\/index.php\/wp-json\/wp\/v2\/types\/post"}],"author":[{"embeddable":true,"href":"https:\/\/chemax.gob.mx\/index.php\/wp-json\/wp\/v2\/users\/1"}],"replies":[{"embeddable":true,"href":"https:\/\/chemax.gob.mx\/index.php\/wp-json\/wp\/v2\/comments?post=3967"}],"version-history":[{"count":1,"href":"https:\/\/chemax.gob.mx\/index.php\/wp-json\/wp\/v2\/posts\/3967\/revisions"}],"predecessor-version":[{"id":3972,"href":"https:\/\/chemax.gob.mx\/index.php\/wp-json\/wp\/v2\/posts\/3967\/revisions\/3972"}],"wp:featuredmedia":[{"embeddable":true,"href":"https:\/\/chemax.gob.mx\/index.php\/wp-json\/wp\/v2\/media\/3971"}],"wp:attachment":[{"href":"https:\/\/chemax.gob.mx\/index.php\/wp-json\/wp\/v2\/media?parent=3967"}],"wp:term":[{"taxonomy":"category","embeddable":true,"href":"https:\/\/chemax.gob.mx\/index.php\/wp-json\/wp\/v2\/categories?post=3967"},{"taxonomy":"post_tag","embeddable":true,"href":"https:\/\/chemax.gob.mx\/index.php\/wp-json\/wp\/v2\/tags?post=3967"}],"curies":[{"name":"wp","href":"https:\/\/api.w.org\/{rel}","templated":true}]}}