{"id":4015,"date":"2025-10-22T15:52:30","date_gmt":"2025-10-22T15:52:30","guid":{"rendered":"https:\/\/chemax.gob.mx\/?p=4015"},"modified":"2025-10-22T15:52:30","modified_gmt":"2025-10-22T15:52:30","slug":"entrega-de-apoyo-economico-a-personas-vulnerables","status":"publish","type":"post","link":"https:\/\/chemax.gob.mx\/index.php\/2025\/10\/22\/entrega-de-apoyo-economico-a-personas-vulnerables\/","title":{"rendered":"Entrega de apoyo econ\u00f3mico a personas vulnerables."},"content":{"rendered":"<div id='gallery-1' class='gallery galleryid-4015 gallery-columns-3 gallery-size-thumbnail'><figure class='gallery-item'>\n\t\t\t<div class='gallery-icon landscape'>\n\t\t\t\t<a href='https:\/\/chemax.gob.mx\/wp-content\/uploads\/2025\/10\/557699978_122182771898515651_5007626876032631035_n.jpg'><img loading=\"lazy\" decoding=\"async\" width=\"150\" height=\"150\" src=\"https:\/\/chemax.gob.mx\/wp-content\/uploads\/2025\/10\/557699978_122182771898515651_5007626876032631035_n-150x150.jpg\" class=\"attachment-thumbnail size-thumbnail\" alt=\"\" \/><\/a>\n\t\t\t<\/div><\/figure><figure class='gallery-item'>\n\t\t\t<div class='gallery-icon landscape'>\n\t\t\t\t<a href='https:\/\/chemax.gob.mx\/wp-content\/uploads\/2025\/10\/558081944_122182771892515651_5411006015460570323_n.jpg'><img loading=\"lazy\" decoding=\"async\" width=\"150\" height=\"150\" src=\"https:\/\/chemax.gob.mx\/wp-content\/uploads\/2025\/10\/558081944_122182771892515651_5411006015460570323_n-150x150.jpg\" class=\"attachment-thumbnail size-thumbnail\" alt=\"\" \/><\/a>\n\t\t\t<\/div><\/figure><figure class='gallery-item'>\n\t\t\t<div class='gallery-icon landscape'>\n\t\t\t\t<a href='https:\/\/chemax.gob.mx\/wp-content\/uploads\/2025\/10\/558907185_122182771874515651_1713474094202571675_n.jpg'><img loading=\"lazy\" decoding=\"async\" width=\"150\" height=\"150\" src=\"https:\/\/chemax.gob.mx\/wp-content\/uploads\/2025\/10\/558907185_122182771874515651_1713474094202571675_n-150x150.jpg\" class=\"attachment-thumbnail size-thumbnail\" alt=\"\" \/><\/a>\n\t\t\t<\/div><\/figure>\n\t\t<\/div>\n\n<div dir=\"auto\">Esta semana comenz\u00f3 con importantes acciones por parte del Ayuntamiento de Chemax, encabezado por el alcalde \ud835\udc11\ud835\udc22\ud835\udc1c\ud835\udc1a\ud835\udc2b\ud835\udc1d\ud835\udc28 \ud835\udc01\ud835\udc1a\ud835\udc25\ud835\udc1a\ud835\udc26 \ud835\udc02\ud835\udc21\ud835\udc22, quien contin\u00faa cumpliendo compromisos con la ciudadan\u00eda a trav\u00e9s de apoyos econ\u00f3micos directos.<\/div>\n<div dir=\"auto\">Este d\u00eda se llev\u00f3 a cabo la entrega de apoyos econ\u00f3micos dirigidos a familias en situaci\u00f3n vulnerable, con el objetivo de cubrir gastos relacionados con cirug\u00edas, estudios m\u00e9dicos, medicamentos, an\u00e1lisis de laboratorio, intervenciones quir\u00fargicas y otros servicios de salud, incluyendo servicios funerarios. Esta ayuda representa un alivio directo para quienes enfrentan dificultades econ\u00f3micas derivadas de problemas m\u00e9dicos o situaciones de vulnerabilidad.<\/div>\n<div dir=\"auto\">El alcalde reafirm\u00f3 su compromiso con un gobierno incluyente al se\u00f1alar: \u201cDesde el Ayuntamiento reafirmamos nuestro compromiso con el bienestar de la comunidad. Seguiremos trabajando con responsabilidad y cercan\u00eda para construir un Chemax m\u00e1s justo y con mejores condiciones de vida para todas y todos.\u201d<\/div>\n","protected":false},"excerpt":{"rendered":"<p>Esta semana comenz\u00f3 con importantes acciones por parte del Ayuntamiento de Chemax, encabezado por el alcalde \ud835\udc11\ud835\udc22\ud835\udc1c\ud835\udc1a\ud835\udc2b\ud835\udc1d\ud835\udc28 \ud835\udc01\ud835\udc1a\ud835\udc25\ud835\udc1a\ud835\udc26 \ud835\udc02\ud835\udc21\ud835\udc22, quien contin\u00faa cumpliendo compromisos con la ciudadan\u00eda a trav\u00e9s de apoyos econ\u00f3micos directos. Este d\u00eda se llev\u00f3 a cabo la entrega de apoyos econ\u00f3micos dirigidos a familias en situaci\u00f3n vulnerable, con el objetivo de cubrir gastos [&hellip;]<\/p>\n","protected":false},"author":1,"featured_media":4017,"comment_status":"closed","ping_status":"open","sticky":false,"template":"","format":"standard","meta":{"footnotes":""},"categories":[9],"tags":[],"class_list":["post-4015","post","type-post","status-publish","format-standard","has-post-thumbnail","hentry","category-presidencia"],"_links":{"self":[{"href":"https:\/\/chemax.gob.mx\/index.php\/wp-json\/wp\/v2\/posts\/4015","targetHints":{"allow":["GET"]}}],"collection":[{"href":"https:\/\/chemax.gob.mx\/index.php\/wp-json\/wp\/v2\/posts"}],"about":[{"href":"https:\/\/chemax.gob.mx\/index.php\/wp-json\/wp\/v2\/types\/post"}],"author":[{"embeddable":true,"href":"https:\/\/chemax.gob.mx\/index.php\/wp-json\/wp\/v2\/users\/1"}],"replies":[{"embeddable":true,"href":"https:\/\/chemax.gob.mx\/index.php\/wp-json\/wp\/v2\/comments?post=4015"}],"version-history":[{"count":1,"href":"https:\/\/chemax.gob.mx\/index.php\/wp-json\/wp\/v2\/posts\/4015\/revisions"}],"predecessor-version":[{"id":4019,"href":"https:\/\/chemax.gob.mx\/index.php\/wp-json\/wp\/v2\/posts\/4015\/revisions\/4019"}],"wp:featuredmedia":[{"embeddable":true,"href":"https:\/\/chemax.gob.mx\/index.php\/wp-json\/wp\/v2\/media\/4017"}],"wp:attachment":[{"href":"https:\/\/chemax.gob.mx\/index.php\/wp-json\/wp\/v2\/media?parent=4015"}],"wp:term":[{"taxonomy":"category","embeddable":true,"href":"https:\/\/chemax.gob.mx\/index.php\/wp-json\/wp\/v2\/categories?post=4015"},{"taxonomy":"post_tag","embeddable":true,"href":"https:\/\/chemax.gob.mx\/index.php\/wp-json\/wp\/v2\/tags?post=4015"}],"curies":[{"name":"wp","href":"https:\/\/api.w.org\/{rel}","templated":true}]}}