{"id":4213,"date":"2025-12-15T18:57:22","date_gmt":"2025-12-15T18:57:22","guid":{"rendered":"https:\/\/chemax.gob.mx\/?p=4213"},"modified":"2025-12-15T18:57:22","modified_gmt":"2025-12-15T18:57:22","slug":"jornada-conmemorativa-contra-la-violencia-de-genero-en-hoteoch","status":"publish","type":"post","link":"https:\/\/chemax.gob.mx\/index.php\/2025\/12\/15\/jornada-conmemorativa-contra-la-violencia-de-genero-en-hoteoch\/","title":{"rendered":"Jornada conmemorativa contra la violencia de g\u00e9nero en Hoteoch."},"content":{"rendered":"<div id='gallery-1' class='gallery galleryid-4213 gallery-columns-3 gallery-size-thumbnail'><figure class='gallery-item'>\n\t\t\t<div class='gallery-icon portrait'>\n\t\t\t\t<a href='https:\/\/chemax.gob.mx\/wp-content\/uploads\/2025\/12\/590102684_122189550296515651_8760088239104679519_n.jpg'><img loading=\"lazy\" decoding=\"async\" width=\"150\" height=\"150\" src=\"https:\/\/chemax.gob.mx\/wp-content\/uploads\/2025\/12\/590102684_122189550296515651_8760088239104679519_n-150x150.jpg\" class=\"attachment-thumbnail size-thumbnail\" alt=\"\" \/><\/a>\n\t\t\t<\/div><\/figure><figure class='gallery-item'>\n\t\t\t<div class='gallery-icon landscape'>\n\t\t\t\t<a href='https:\/\/chemax.gob.mx\/wp-content\/uploads\/2025\/12\/590703707_122189550242515651_8797604662864157138_n.jpg'><img loading=\"lazy\" decoding=\"async\" width=\"150\" height=\"150\" src=\"https:\/\/chemax.gob.mx\/wp-content\/uploads\/2025\/12\/590703707_122189550242515651_8797604662864157138_n-150x150.jpg\" class=\"attachment-thumbnail size-thumbnail\" alt=\"\" \/><\/a>\n\t\t\t<\/div><\/figure><figure class='gallery-item'>\n\t\t\t<div class='gallery-icon landscape'>\n\t\t\t\t<a href='https:\/\/chemax.gob.mx\/wp-content\/uploads\/2025\/12\/591005071_122189550278515651_5346457199095611570_n.jpg'><img loading=\"lazy\" decoding=\"async\" width=\"150\" height=\"150\" src=\"https:\/\/chemax.gob.mx\/wp-content\/uploads\/2025\/12\/591005071_122189550278515651_5346457199095611570_n-150x150.jpg\" class=\"attachment-thumbnail size-thumbnail\" alt=\"\" \/><\/a>\n\t\t\t<\/div><\/figure>\n\t\t<\/div>\n\n<div dir=\"auto\">El DIF Municipal de Chemax, a trav\u00e9s del Instituto de la Mujer, llev\u00f3 a cabo actividades conmemorativas por el D\u00eda Internacional de la Eliminaci\u00f3n de la Violencia contra las Mujeres en la comisar\u00eda de Hoteoch.<\/div>\n<div dir=\"auto\">Como parte de la jornada, se efectu\u00f3 una marcha simb\u00f3lica cuyo objetivo fue visibilizar la problem\u00e1tica de la violencia de g\u00e9nero y promover la reflexi\u00f3n comunitaria. Posteriormente, se imparti\u00f3 una pl\u00e1tica informativa en la que se abord\u00f3 el origen del 25 de noviembre y los principales retos que enfrentan las mujeres en materia de seguridad y derechos.<\/div>\n<div dir=\"auto\">Entre las personas ponentes estuvieron la titular del Instituto de la Mujer, C. Manuela Rodr\u00edguez; la nutri\u00f3loga Lic. Ana Karen Alcocer; el jur\u00eddico del DIF, Lic. Jos\u00e9 Mar\u00eda Osorno; y Lic. Marcelino C\u00fapul, quienes presentaron informaci\u00f3n sobre apoyo institucional, prevenci\u00f3n y orientaci\u00f3n para mujeres en situaci\u00f3n de riesgo.<\/div>\n<div dir=\"auto\">Al evento asistieron la S\u00edndica Municipal, la Regidora de Salud y otras autoridades del Ayuntamiento, quienes destacaron la importancia de reforzar las acciones interinstitucionales para garantizar entornos seguros para mujeres y ni\u00f1as.<\/div>\n<div dir=\"auto\">De acuerdo con el DIF Municipal, este tipo de actividades forman parte de una agenda continua enfocada en la atenci\u00f3n, prevenci\u00f3n y acompa\u00f1amiento en casos de violencia.<\/div>\n","protected":false},"excerpt":{"rendered":"<p>El DIF Municipal de Chemax, a trav\u00e9s del Instituto de la Mujer, llev\u00f3 a cabo actividades conmemorativas por el D\u00eda Internacional de la Eliminaci\u00f3n de la Violencia contra las Mujeres en la comisar\u00eda de Hoteoch. Como parte de la jornada, se efectu\u00f3 una marcha simb\u00f3lica cuyo objetivo fue visibilizar la problem\u00e1tica de la violencia de [&hellip;]<\/p>\n","protected":false},"author":1,"featured_media":4216,"comment_status":"closed","ping_status":"open","sticky":false,"template":"","format":"standard","meta":{"footnotes":""},"categories":[7],"tags":[],"class_list":["post-4213","post","type-post","status-publish","format-standard","has-post-thumbnail","hentry","category-dif-municipal"],"_links":{"self":[{"href":"https:\/\/chemax.gob.mx\/index.php\/wp-json\/wp\/v2\/posts\/4213","targetHints":{"allow":["GET"]}}],"collection":[{"href":"https:\/\/chemax.gob.mx\/index.php\/wp-json\/wp\/v2\/posts"}],"about":[{"href":"https:\/\/chemax.gob.mx\/index.php\/wp-json\/wp\/v2\/types\/post"}],"author":[{"embeddable":true,"href":"https:\/\/chemax.gob.mx\/index.php\/wp-json\/wp\/v2\/users\/1"}],"replies":[{"embeddable":true,"href":"https:\/\/chemax.gob.mx\/index.php\/wp-json\/wp\/v2\/comments?post=4213"}],"version-history":[{"count":1,"href":"https:\/\/chemax.gob.mx\/index.php\/wp-json\/wp\/v2\/posts\/4213\/revisions"}],"predecessor-version":[{"id":4217,"href":"https:\/\/chemax.gob.mx\/index.php\/wp-json\/wp\/v2\/posts\/4213\/revisions\/4217"}],"wp:featuredmedia":[{"embeddable":true,"href":"https:\/\/chemax.gob.mx\/index.php\/wp-json\/wp\/v2\/media\/4216"}],"wp:attachment":[{"href":"https:\/\/chemax.gob.mx\/index.php\/wp-json\/wp\/v2\/media?parent=4213"}],"wp:term":[{"taxonomy":"category","embeddable":true,"href":"https:\/\/chemax.gob.mx\/index.php\/wp-json\/wp\/v2\/categories?post=4213"},{"taxonomy":"post_tag","embeddable":true,"href":"https:\/\/chemax.gob.mx\/index.php\/wp-json\/wp\/v2\/tags?post=4213"}],"curies":[{"name":"wp","href":"https:\/\/api.w.org\/{rel}","templated":true}]}}