{"id":4235,"date":"2026-01-21T14:09:51","date_gmt":"2026-01-21T14:09:51","guid":{"rendered":"https:\/\/chemax.gob.mx\/?p=4235"},"modified":"2026-01-21T14:09:51","modified_gmt":"2026-01-21T14:09:51","slug":"escuelas-de-chemax-realizan-actividades-decembrinas","status":"publish","type":"post","link":"https:\/\/chemax.gob.mx\/index.php\/2026\/01\/21\/escuelas-de-chemax-realizan-actividades-decembrinas\/","title":{"rendered":"Escuelas de Chemax realizan actividades decembrinas."},"content":{"rendered":"<div id='gallery-1' class='gallery galleryid-4235 gallery-columns-6 gallery-size-thumbnail'><figure class='gallery-item'>\n\t\t\t<div class='gallery-icon landscape'>\n\t\t\t\t<a href='https:\/\/chemax.gob.mx\/wp-content\/uploads\/2026\/01\/599513049_122192352458515651_608085464966040620_n.jpg'><img loading=\"lazy\" decoding=\"async\" width=\"150\" height=\"150\" src=\"https:\/\/chemax.gob.mx\/wp-content\/uploads\/2026\/01\/599513049_122192352458515651_608085464966040620_n-150x150.jpg\" class=\"attachment-thumbnail size-thumbnail\" alt=\"\" \/><\/a>\n\t\t\t<\/div><\/figure><figure class='gallery-item'>\n\t\t\t<div class='gallery-icon portrait'>\n\t\t\t\t<a href='https:\/\/chemax.gob.mx\/wp-content\/uploads\/2026\/01\/600338512_122192352512515651_3385845132717729602_n.jpg'><img loading=\"lazy\" decoding=\"async\" width=\"150\" height=\"150\" src=\"https:\/\/chemax.gob.mx\/wp-content\/uploads\/2026\/01\/600338512_122192352512515651_3385845132717729602_n-150x150.jpg\" class=\"attachment-thumbnail size-thumbnail\" alt=\"\" \/><\/a>\n\t\t\t<\/div><\/figure><figure class='gallery-item'>\n\t\t\t<div class='gallery-icon landscape'>\n\t\t\t\t<a href='https:\/\/chemax.gob.mx\/wp-content\/uploads\/2026\/01\/600338617_122192352308515651_5201087619935803136_n.jpg'><img loading=\"lazy\" decoding=\"async\" width=\"150\" height=\"150\" src=\"https:\/\/chemax.gob.mx\/wp-content\/uploads\/2026\/01\/600338617_122192352308515651_5201087619935803136_n-150x150.jpg\" class=\"attachment-thumbnail size-thumbnail\" alt=\"\" \/><\/a>\n\t\t\t<\/div><\/figure><figure class='gallery-item'>\n\t\t\t<div class='gallery-icon portrait'>\n\t\t\t\t<a href='https:\/\/chemax.gob.mx\/wp-content\/uploads\/2026\/01\/600621312_122192352404515651_5429470400739047021_n.jpg'><img loading=\"lazy\" decoding=\"async\" width=\"150\" height=\"150\" src=\"https:\/\/chemax.gob.mx\/wp-content\/uploads\/2026\/01\/600621312_122192352404515651_5429470400739047021_n-150x150.jpg\" class=\"attachment-thumbnail size-thumbnail\" alt=\"\" \/><\/a>\n\t\t\t<\/div><\/figure><figure class='gallery-item'>\n\t\t\t<div class='gallery-icon landscape'>\n\t\t\t\t<a href='https:\/\/chemax.gob.mx\/wp-content\/uploads\/2026\/01\/601844747_122192352260515651_4469490264510780321_n.jpg'><img loading=\"lazy\" decoding=\"async\" width=\"150\" height=\"150\" src=\"https:\/\/chemax.gob.mx\/wp-content\/uploads\/2026\/01\/601844747_122192352260515651_4469490264510780321_n-150x150.jpg\" class=\"attachment-thumbnail size-thumbnail\" alt=\"\" \/><\/a>\n\t\t\t<\/div><\/figure><figure class='gallery-item'>\n\t\t\t<div class='gallery-icon portrait'>\n\t\t\t\t<a href='https:\/\/chemax.gob.mx\/wp-content\/uploads\/2026\/01\/602370504_122192352356515651_8517564409387589583_n.jpg'><img loading=\"lazy\" decoding=\"async\" width=\"150\" height=\"150\" src=\"https:\/\/chemax.gob.mx\/wp-content\/uploads\/2026\/01\/602370504_122192352356515651_8517564409387589583_n-150x150.jpg\" class=\"attachment-thumbnail size-thumbnail\" alt=\"\" \/><\/a>\n\t\t\t<\/div><\/figure>\n\t\t<\/div>\n\n<div dir=\"auto\">En un ambiente de alegr\u00eda, amor y esperanza, alumnas y alumnos de las diversas instituciones educativas de la cabecera municipal celebraron las fiestas decembrinas, en v\u00edsperas de la Navidad, mediante distintas actividades organizadas por sus comunidades escolares.<\/div>\n<div dir=\"auto\">El responsable de la Direcci\u00f3n de Educaci\u00f3n del Ayuntamiento manifest\u00f3 que, a lo largo de la presente semana, ha sido testigo de las diversas actividades realizadas por los planteles educativos, a las cuales ha asistido en representaci\u00f3n del alcalde \ud835\udc11\ud835\udc22\ud835\udc1c\ud835\udc1a\ud835\udc2b\ud835\udc1d\ud835\udc28 \ud835\udc01\ud835\udc1a\ud835\udc25\ud835\udc1a\ud835\udc26 \ud835\udc02\ud835\udc21\ud835\udc22, refrendando as\u00ed el acompa\u00f1amiento institucional al sector educativo.<\/div>\n<div dir=\"auto\">Entre las escuelas participantes se encuentran la Escuela Primaria \u201cRafael Ram\u00edrez\u201d, a cargo de la directora Mtra. Rosa Alejandrina Ram\u00edrez Ak\u00e9, y la Escuela Primaria \u201cFelipe Carrillo Puerto\u201d, dirigida por la Mtra. Rub\u00ed del Carmen Boj\u00f3rquez Mendoza. Ambas actividades contaron con la presencia del Mtro. Antonio Novelo Romero, supervisor de la Zona Escolar 097.<\/div>\n<div dir=\"auto\">De igual manera, los preescolares ind\u00edgenas \u201cU Neek Saamal\u201d, bajo la responsabilidad de la Mtra. Maricela Kinil Balam, y \u201cAlfonso Caso Andrade\u201d, dirigido por la Mtra. Rafaela Tamay Dzib, tambi\u00e9n llevaron a cabo actividades alusivas a las festividades decembrinas. Se conto con la participaci\u00f3n del supervisor de zona Mtro, Alfredo Vivas Balam<\/div>\n<div dir=\"auto\">Ante ello, la Direcci\u00f3n de Educaci\u00f3n agradeci\u00f3 a las y los directores, docentes y padres de familia de los distintos niveles educativos por hacer posibles estas actividades navide\u00f1as, que fortalecen la convivencia, los valores y el sentido de comunidad.<\/div>\n<div dir=\"auto\">Finalmente, se destac\u00f3 que la administraci\u00f3n municipal encabezada por el alcalde \ud835\udc11\ud835\udc22\ud835\udc1c\ud835\udc1a\ud835\udc2b\ud835\udc1d\ud835\udc28 \ud835\udc01\ud835\udc1a\ud835\udc25\ud835\udc1a\ud835\udc26 \ud835\udc02\ud835\udc21\ud835\udc22, se mantiene abierta y disponible para atender los temas educativos, consolid\u00e1ndose como un gobierno cercano, que escucha y responde a las necesidades del sector.<\/div>\n","protected":false},"excerpt":{"rendered":"<p>En un ambiente de alegr\u00eda, amor y esperanza, alumnas y alumnos de las diversas instituciones educativas de la cabecera municipal celebraron las fiestas decembrinas, en v\u00edsperas de la Navidad, mediante distintas actividades organizadas por sus comunidades escolares. El responsable de la Direcci\u00f3n de Educaci\u00f3n del Ayuntamiento manifest\u00f3 que, a lo largo de la presente semana, [&hellip;]<\/p>\n","protected":false},"author":1,"featured_media":4239,"comment_status":"closed","ping_status":"open","sticky":false,"template":"","format":"standard","meta":{"footnotes":""},"categories":[8],"tags":[],"class_list":["post-4235","post","type-post","status-publish","format-standard","has-post-thumbnail","hentry","category-educacion"],"_links":{"self":[{"href":"https:\/\/chemax.gob.mx\/index.php\/wp-json\/wp\/v2\/posts\/4235","targetHints":{"allow":["GET"]}}],"collection":[{"href":"https:\/\/chemax.gob.mx\/index.php\/wp-json\/wp\/v2\/posts"}],"about":[{"href":"https:\/\/chemax.gob.mx\/index.php\/wp-json\/wp\/v2\/types\/post"}],"author":[{"embeddable":true,"href":"https:\/\/chemax.gob.mx\/index.php\/wp-json\/wp\/v2\/users\/1"}],"replies":[{"embeddable":true,"href":"https:\/\/chemax.gob.mx\/index.php\/wp-json\/wp\/v2\/comments?post=4235"}],"version-history":[{"count":1,"href":"https:\/\/chemax.gob.mx\/index.php\/wp-json\/wp\/v2\/posts\/4235\/revisions"}],"predecessor-version":[{"id":4242,"href":"https:\/\/chemax.gob.mx\/index.php\/wp-json\/wp\/v2\/posts\/4235\/revisions\/4242"}],"wp:featuredmedia":[{"embeddable":true,"href":"https:\/\/chemax.gob.mx\/index.php\/wp-json\/wp\/v2\/media\/4239"}],"wp:attachment":[{"href":"https:\/\/chemax.gob.mx\/index.php\/wp-json\/wp\/v2\/media?parent=4235"}],"wp:term":[{"taxonomy":"category","embeddable":true,"href":"https:\/\/chemax.gob.mx\/index.php\/wp-json\/wp\/v2\/categories?post=4235"},{"taxonomy":"post_tag","embeddable":true,"href":"https:\/\/chemax.gob.mx\/index.php\/wp-json\/wp\/v2\/tags?post=4235"}],"curies":[{"name":"wp","href":"https:\/\/api.w.org\/{rel}","templated":true}]}}