{"id":4259,"date":"2026-01-21T14:34:54","date_gmt":"2026-01-21T14:34:54","guid":{"rendered":"https:\/\/chemax.gob.mx\/?p=4259"},"modified":"2026-01-21T14:34:54","modified_gmt":"2026-01-21T14:34:54","slug":"tradicional-corte-de-rosca-de-reyes-4","status":"publish","type":"post","link":"https:\/\/chemax.gob.mx\/index.php\/2026\/01\/21\/tradicional-corte-de-rosca-de-reyes-4\/","title":{"rendered":"Tradicional corte de rosca de reyes."},"content":{"rendered":"<div id='gallery-1' class='gallery galleryid-4259 gallery-columns-4 gallery-size-thumbnail'><figure class='gallery-item'>\n\t\t\t<div class='gallery-icon landscape'>\n\t\t\t\t<a href='https:\/\/chemax.gob.mx\/wp-content\/uploads\/2026\/01\/611996779_122194748366515651_5340497688361976266_n.jpg'><img loading=\"lazy\" decoding=\"async\" width=\"150\" height=\"150\" src=\"https:\/\/chemax.gob.mx\/wp-content\/uploads\/2026\/01\/611996779_122194748366515651_5340497688361976266_n-150x150.jpg\" class=\"attachment-thumbnail size-thumbnail\" alt=\"\" \/><\/a>\n\t\t\t<\/div><\/figure><figure class='gallery-item'>\n\t\t\t<div class='gallery-icon landscape'>\n\t\t\t\t<a href='https:\/\/chemax.gob.mx\/wp-content\/uploads\/2026\/01\/612119648_122194748390515651_4393466723137479005_n.jpg'><img loading=\"lazy\" decoding=\"async\" width=\"150\" height=\"150\" src=\"https:\/\/chemax.gob.mx\/wp-content\/uploads\/2026\/01\/612119648_122194748390515651_4393466723137479005_n-150x150.jpg\" class=\"attachment-thumbnail size-thumbnail\" alt=\"\" \/><\/a>\n\t\t\t<\/div><\/figure><figure class='gallery-item'>\n\t\t\t<div class='gallery-icon landscape'>\n\t\t\t\t<a href='https:\/\/chemax.gob.mx\/wp-content\/uploads\/2026\/01\/612429790_122194748540515651_7417962538985598236_n.jpg'><img loading=\"lazy\" decoding=\"async\" width=\"150\" height=\"150\" src=\"https:\/\/chemax.gob.mx\/wp-content\/uploads\/2026\/01\/612429790_122194748540515651_7417962538985598236_n-150x150.jpg\" class=\"attachment-thumbnail size-thumbnail\" alt=\"\" \/><\/a>\n\t\t\t<\/div><\/figure><figure class='gallery-item'>\n\t\t\t<div class='gallery-icon landscape'>\n\t\t\t\t<a href='https:\/\/chemax.gob.mx\/wp-content\/uploads\/2026\/01\/613038011_122194748498515651_1927608142719920037_n.jpg'><img loading=\"lazy\" decoding=\"async\" width=\"150\" height=\"150\" src=\"https:\/\/chemax.gob.mx\/wp-content\/uploads\/2026\/01\/613038011_122194748498515651_1927608142719920037_n-150x150.jpg\" class=\"attachment-thumbnail size-thumbnail\" alt=\"\" \/><\/a>\n\t\t\t<\/div><\/figure>\n\t\t<\/div>\n\n<div dir=\"auto\">En un ambiente de convivencia y tradici\u00f3n, el H. Ayuntamiento de Chemax, encabezado por el presidente municipal \ud835\udc11\ud835\udc22\ud835\udc1c\ud835\udc1a\ud835\udc2b\ud835\udc1d\ud835\udc28 \ud835\udc01\ud835\udc1a\ud835\udc25\ud835\udc1a\ud835\udc26 \ud835\udc02\ud835\udc21\ud835\udc22, llev\u00f3 a cabo el tradicional Corte de Rosca de Reyes, acompa\u00f1ado por regidores, directores y ciudadan\u00eda en general.<\/div>\n<div dir=\"auto\">La actividad dio inicio en punto de las 10:00 de la ma\u00f1ana, momento en el que el presidente municipal comparti\u00f3 una rese\u00f1a sobre el significado del 6 de enero, fecha que conmemora la \ud835\udc04\ud835\udc29\ud835\udc22\ud835\udc1f\ud835\udc1a\ud835\udc27\ud835\udc22\u0301\ud835\udc1a \ud835\udc1d\ud835\udc1e\ud835\udc25 \ud835\udc12\ud835\udc1e\ud835\udc27\u0303\ud835\udc28\ud835\udc2b, cuando, de acuerdo con la tradici\u00f3n cristiana, los tres Reyes Magos acudieron a adorar al Ni\u00f1o Dios y le ofrecieron presentes como oro, incienso y mirra, s\u00edmbolos de fe, respeto y esperanza.<\/div>\n<div dir=\"auto\">Finalmente, se\u00f1al\u00f3 que durante el a\u00f1o 2026 la administraci\u00f3n municipal continuar\u00e1 impulsando apoyos y obras p\u00fablicas tanto en la cabecera municipal como en las comisar\u00edas, con el objetivo de mejorar la calidad de vida de las familias de Chemax.<\/div>\n<div dir=\"auto\">Tras el mensaje, el presidente municipal invit\u00f3 a las y los asistentes a participar en el corte de la rosca, dando paso a un momento de convivencia que reforz\u00f3 la unidad, la tradici\u00f3n y los valores.<\/div>\n","protected":false},"excerpt":{"rendered":"<p>En un ambiente de convivencia y tradici\u00f3n, el H. Ayuntamiento de Chemax, encabezado por el presidente municipal \ud835\udc11\ud835\udc22\ud835\udc1c\ud835\udc1a\ud835\udc2b\ud835\udc1d\ud835\udc28 \ud835\udc01\ud835\udc1a\ud835\udc25\ud835\udc1a\ud835\udc26 \ud835\udc02\ud835\udc21\ud835\udc22, llev\u00f3 a cabo el tradicional Corte de Rosca de Reyes, acompa\u00f1ado por regidores, directores y ciudadan\u00eda en general. La actividad dio inicio en punto de las 10:00 de la ma\u00f1ana, momento en el que el [&hellip;]<\/p>\n","protected":false},"author":1,"featured_media":4261,"comment_status":"closed","ping_status":"open","sticky":false,"template":"","format":"standard","meta":{"footnotes":""},"categories":[9],"tags":[],"class_list":["post-4259","post","type-post","status-publish","format-standard","has-post-thumbnail","hentry","category-presidencia"],"_links":{"self":[{"href":"https:\/\/chemax.gob.mx\/index.php\/wp-json\/wp\/v2\/posts\/4259","targetHints":{"allow":["GET"]}}],"collection":[{"href":"https:\/\/chemax.gob.mx\/index.php\/wp-json\/wp\/v2\/posts"}],"about":[{"href":"https:\/\/chemax.gob.mx\/index.php\/wp-json\/wp\/v2\/types\/post"}],"author":[{"embeddable":true,"href":"https:\/\/chemax.gob.mx\/index.php\/wp-json\/wp\/v2\/users\/1"}],"replies":[{"embeddable":true,"href":"https:\/\/chemax.gob.mx\/index.php\/wp-json\/wp\/v2\/comments?post=4259"}],"version-history":[{"count":1,"href":"https:\/\/chemax.gob.mx\/index.php\/wp-json\/wp\/v2\/posts\/4259\/revisions"}],"predecessor-version":[{"id":4264,"href":"https:\/\/chemax.gob.mx\/index.php\/wp-json\/wp\/v2\/posts\/4259\/revisions\/4264"}],"wp:featuredmedia":[{"embeddable":true,"href":"https:\/\/chemax.gob.mx\/index.php\/wp-json\/wp\/v2\/media\/4261"}],"wp:attachment":[{"href":"https:\/\/chemax.gob.mx\/index.php\/wp-json\/wp\/v2\/media?parent=4259"}],"wp:term":[{"taxonomy":"category","embeddable":true,"href":"https:\/\/chemax.gob.mx\/index.php\/wp-json\/wp\/v2\/categories?post=4259"},{"taxonomy":"post_tag","embeddable":true,"href":"https:\/\/chemax.gob.mx\/index.php\/wp-json\/wp\/v2\/tags?post=4259"}],"curies":[{"name":"wp","href":"https:\/\/api.w.org\/{rel}","templated":true}]}}