{"id":541,"date":"2022-07-28T14:19:46","date_gmt":"2022-07-28T14:19:46","guid":{"rendered":"https:\/\/chemax.gob.mx\/?p=541"},"modified":"2022-07-28T14:19:46","modified_gmt":"2022-07-28T14:19:46","slug":"colocacion-de-primera-piedra-en-construccion-de-viviendas","status":"publish","type":"post","link":"https:\/\/chemax.gob.mx\/index.php\/2022\/07\/28\/colocacion-de-primera-piedra-en-construccion-de-viviendas\/","title":{"rendered":"Colocaci\u00f3n de primera piedra en construcci\u00f3n de viviendas."},"content":{"rendered":"<div id='gallery-1' class='gallery galleryid-541 gallery-columns-4 gallery-size-thumbnail'><figure class='gallery-item'>\n\t\t\t<div class='gallery-icon landscape'>\n\t\t\t\t<a href='https:\/\/chemax.gob.mx\/wp-content\/uploads\/2022\/07\/290674508_903342787290118_5736029625673566632_n.jpg'><img loading=\"lazy\" decoding=\"async\" width=\"150\" height=\"150\" src=\"https:\/\/chemax.gob.mx\/wp-content\/uploads\/2022\/07\/290674508_903342787290118_5736029625673566632_n-150x150.jpg\" class=\"attachment-thumbnail size-thumbnail\" alt=\"\" \/><\/a>\n\t\t\t<\/div><\/figure><figure class='gallery-item'>\n\t\t\t<div class='gallery-icon landscape'>\n\t\t\t\t<a href='https:\/\/chemax.gob.mx\/wp-content\/uploads\/2022\/07\/290752650_903342767290120_7852150196028548971_n.jpg'><img loading=\"lazy\" decoding=\"async\" width=\"150\" height=\"150\" src=\"https:\/\/chemax.gob.mx\/wp-content\/uploads\/2022\/07\/290752650_903342767290120_7852150196028548971_n-150x150.jpg\" class=\"attachment-thumbnail size-thumbnail\" alt=\"\" \/><\/a>\n\t\t\t<\/div><\/figure><figure class='gallery-item'>\n\t\t\t<div class='gallery-icon landscape'>\n\t\t\t\t<a href='https:\/\/chemax.gob.mx\/wp-content\/uploads\/2022\/07\/290781549_903342717290125_2168936501803146179_n.jpg'><img loading=\"lazy\" decoding=\"async\" width=\"150\" height=\"150\" src=\"https:\/\/chemax.gob.mx\/wp-content\/uploads\/2022\/07\/290781549_903342717290125_2168936501803146179_n-150x150.jpg\" class=\"attachment-thumbnail size-thumbnail\" alt=\"\" \/><\/a>\n\t\t\t<\/div><\/figure><figure class='gallery-item'>\n\t\t\t<div class='gallery-icon landscape'>\n\t\t\t\t<a href='https:\/\/chemax.gob.mx\/wp-content\/uploads\/2022\/07\/290902887_903342720623458_4578483254185360267_n.jpg'><img loading=\"lazy\" decoding=\"async\" width=\"150\" height=\"150\" src=\"https:\/\/chemax.gob.mx\/wp-content\/uploads\/2022\/07\/290902887_903342720623458_4578483254185360267_n-150x150.jpg\" class=\"attachment-thumbnail size-thumbnail\" alt=\"\" \/><\/a>\n\t\t\t<\/div><\/figure>\n\t\t<\/div>\n\n<div class=\"cxmmr5t8 oygrvhab hcukyx3x c1et5uql o9v6fnle ii04i59q\">\n<div dir=\"auto\">Hoy en la ma\u00f1ana el presidente municipal C. Lucio Balam Herrera, dio el banderazo y coloc\u00f3 la primera piedra de construcci\u00f3n de viviendas en la cabecera municipal.<\/div>\n<\/div>\n<div class=\"cxmmr5t8 oygrvhab hcukyx3x c1et5uql o9v6fnle ii04i59q\">\n<div dir=\"auto\">En las palabras del alcalde, mencion\u00f3 que esta obra beneficiar\u00e1 a muchas familias que necesitan de una vivienda digna. en tiempo de lluvia. en tiempo de desastres naturales, tendr\u00e1n un lugar seguro para estar con sus familias sin preocuparse de ir en un refugio temporal.<\/div>\n<\/div>\n<div class=\"cxmmr5t8 oygrvhab hcukyx3x c1et5uql o9v6fnle ii04i59q\">\n<div dir=\"auto\">Balam Herrera termin\u00f3 diciendo. que seguir\u00e1 trabajando por el bien de las familias chemaitas y de sus comisarias.<\/div>\n<\/div>\n<div class=\"cxmmr5t8 oygrvhab hcukyx3x c1et5uql o9v6fnle ii04i59q\">\n<div dir=\"auto\">Despues el alcalde recibi\u00f3 las solicitudes y atendi\u00f3 las necesidades de la gente.<\/div>\n<\/div>\n","protected":false},"excerpt":{"rendered":"<p>Hoy en la ma\u00f1ana el presidente municipal C. Lucio Balam Herrera, dio el banderazo y coloc\u00f3 la primera piedra de construcci\u00f3n de viviendas en la cabecera municipal. En las palabras del alcalde, mencion\u00f3 que esta obra beneficiar\u00e1 a muchas familias que necesitan de una vivienda digna. en tiempo de lluvia. en tiempo de desastres naturales, [&hellip;]<\/p>\n","protected":false},"author":1,"featured_media":543,"comment_status":"closed","ping_status":"open","sticky":false,"template":"","format":"standard","meta":{"footnotes":""},"categories":[5],"tags":[],"class_list":["post-541","post","type-post","status-publish","format-standard","has-post-thumbnail","hentry","category-obras-publicas"],"_links":{"self":[{"href":"https:\/\/chemax.gob.mx\/index.php\/wp-json\/wp\/v2\/posts\/541","targetHints":{"allow":["GET"]}}],"collection":[{"href":"https:\/\/chemax.gob.mx\/index.php\/wp-json\/wp\/v2\/posts"}],"about":[{"href":"https:\/\/chemax.gob.mx\/index.php\/wp-json\/wp\/v2\/types\/post"}],"author":[{"embeddable":true,"href":"https:\/\/chemax.gob.mx\/index.php\/wp-json\/wp\/v2\/users\/1"}],"replies":[{"embeddable":true,"href":"https:\/\/chemax.gob.mx\/index.php\/wp-json\/wp\/v2\/comments?post=541"}],"version-history":[{"count":1,"href":"https:\/\/chemax.gob.mx\/index.php\/wp-json\/wp\/v2\/posts\/541\/revisions"}],"predecessor-version":[{"id":546,"href":"https:\/\/chemax.gob.mx\/index.php\/wp-json\/wp\/v2\/posts\/541\/revisions\/546"}],"wp:featuredmedia":[{"embeddable":true,"href":"https:\/\/chemax.gob.mx\/index.php\/wp-json\/wp\/v2\/media\/543"}],"wp:attachment":[{"href":"https:\/\/chemax.gob.mx\/index.php\/wp-json\/wp\/v2\/media?parent=541"}],"wp:term":[{"taxonomy":"category","embeddable":true,"href":"https:\/\/chemax.gob.mx\/index.php\/wp-json\/wp\/v2\/categories?post=541"},{"taxonomy":"post_tag","embeddable":true,"href":"https:\/\/chemax.gob.mx\/index.php\/wp-json\/wp\/v2\/tags?post=541"}],"curies":[{"name":"wp","href":"https:\/\/api.w.org\/{rel}","templated":true}]}}