{"id":556,"date":"2022-07-28T14:43:37","date_gmt":"2022-07-28T14:43:37","guid":{"rendered":"https:\/\/chemax.gob.mx\/?p=556"},"modified":"2022-07-28T14:43:37","modified_gmt":"2022-07-28T14:43:37","slug":"construccion-de-banos-en-la-cabecera-municipal","status":"publish","type":"post","link":"https:\/\/chemax.gob.mx\/index.php\/2022\/07\/28\/construccion-de-banos-en-la-cabecera-municipal\/","title":{"rendered":"Construcci\u00f3n de ba\u00f1os en la cabecera municipal."},"content":{"rendered":"<div id='gallery-1' class='gallery galleryid-556 gallery-columns-3 gallery-size-thumbnail'><figure class='gallery-item'>\n\t\t\t<div class='gallery-icon landscape'>\n\t\t\t\t<a href='https:\/\/chemax.gob.mx\/wp-content\/uploads\/2022\/07\/291623808_904779803813083_8691803306693607708_n.jpg'><img loading=\"lazy\" decoding=\"async\" width=\"150\" height=\"150\" src=\"https:\/\/chemax.gob.mx\/wp-content\/uploads\/2022\/07\/291623808_904779803813083_8691803306693607708_n-150x150.jpg\" class=\"attachment-thumbnail size-thumbnail\" alt=\"\" \/><\/a>\n\t\t\t<\/div><\/figure><figure class='gallery-item'>\n\t\t\t<div class='gallery-icon landscape'>\n\t\t\t\t<a href='https:\/\/chemax.gob.mx\/wp-content\/uploads\/2022\/07\/291700348_904779827146414_2578506861504057867_n.jpg'><img loading=\"lazy\" decoding=\"async\" width=\"150\" height=\"150\" src=\"https:\/\/chemax.gob.mx\/wp-content\/uploads\/2022\/07\/291700348_904779827146414_2578506861504057867_n-150x150.jpg\" class=\"attachment-thumbnail size-thumbnail\" alt=\"\" \/><\/a>\n\t\t\t<\/div><\/figure><figure class='gallery-item'>\n\t\t\t<div class='gallery-icon landscape'>\n\t\t\t\t<a href='https:\/\/chemax.gob.mx\/wp-content\/uploads\/2022\/07\/291801981_904779793813084_1722223593416948296_n.jpg'><img loading=\"lazy\" decoding=\"async\" width=\"150\" height=\"150\" src=\"https:\/\/chemax.gob.mx\/wp-content\/uploads\/2022\/07\/291801981_904779793813084_1722223593416948296_n-150x150.jpg\" class=\"attachment-thumbnail size-thumbnail\" alt=\"\" \/><\/a>\n\t\t\t<\/div><\/figure>\n\t\t<\/div>\n\n<div class=\"cxmmr5t8 oygrvhab hcukyx3x c1et5uql o9v6fnle ii04i59q\">\n<div dir=\"auto\">Ayer en la ma\u00f1ana El presidente municipal de chemax C. Lucio Balam Herrera, dio&#8217; el banderazo y primera piedra para la construcci\u00f3n de ba\u00f1os en la cabecera municipal.<\/div>\n<\/div>\n<div class=\"cxmmr5t8 oygrvhab hcukyx3x c1et5uql o9v6fnle ii04i59q\">\n<div dir=\"auto\">El beneficiario Juan de Dios pool. Agradeci\u00f3 al presidente por aberlo tomado en cuenta, con esta obra y dijo estar muy contento.<\/div>\n<\/div>\n<div class=\"cxmmr5t8 oygrvhab hcukyx3x c1et5uql o9v6fnle ii04i59q\">\n<div dir=\"auto\">Balam Herrera dijo que las obras como la construcci\u00f3n de ba\u00f1os es de primera necesidad para las familias que carece de ella. pidi\u00f3 a los beneficiarios valorar la obra, Y dijo que la programa de ba\u00f1os beneficiar\u00e1 a muchas familias que m\u00e1s lo necesiten<\/div>\n<\/div>\n<div class=\"cxmmr5t8 oygrvhab hcukyx3x c1et5uql o9v6fnle ii04i59q\">\n<div dir=\"auto\">Culmin\u00f3 diciendo que seguir\u00e1 trabajando por el bien de chemax y de todas sus comisarias para que chemax siga avanzando con m\u00e1s mejoras de calidad.<\/div>\n<\/div>\n","protected":false},"excerpt":{"rendered":"<p>Ayer en la ma\u00f1ana El presidente municipal de chemax C. Lucio Balam Herrera, dio&#8217; el banderazo y primera piedra para la construcci\u00f3n de ba\u00f1os en la cabecera municipal. El beneficiario Juan de Dios pool. Agradeci\u00f3 al presidente por aberlo tomado en cuenta, con esta obra y dijo estar muy contento. Balam Herrera dijo que las [&hellip;]<\/p>\n","protected":false},"author":1,"featured_media":557,"comment_status":"closed","ping_status":"open","sticky":false,"template":"","format":"standard","meta":{"footnotes":""},"categories":[5],"tags":[],"class_list":["post-556","post","type-post","status-publish","format-standard","has-post-thumbnail","hentry","category-obras-publicas"],"_links":{"self":[{"href":"https:\/\/chemax.gob.mx\/index.php\/wp-json\/wp\/v2\/posts\/556","targetHints":{"allow":["GET"]}}],"collection":[{"href":"https:\/\/chemax.gob.mx\/index.php\/wp-json\/wp\/v2\/posts"}],"about":[{"href":"https:\/\/chemax.gob.mx\/index.php\/wp-json\/wp\/v2\/types\/post"}],"author":[{"embeddable":true,"href":"https:\/\/chemax.gob.mx\/index.php\/wp-json\/wp\/v2\/users\/1"}],"replies":[{"embeddable":true,"href":"https:\/\/chemax.gob.mx\/index.php\/wp-json\/wp\/v2\/comments?post=556"}],"version-history":[{"count":1,"href":"https:\/\/chemax.gob.mx\/index.php\/wp-json\/wp\/v2\/posts\/556\/revisions"}],"predecessor-version":[{"id":560,"href":"https:\/\/chemax.gob.mx\/index.php\/wp-json\/wp\/v2\/posts\/556\/revisions\/560"}],"wp:featuredmedia":[{"embeddable":true,"href":"https:\/\/chemax.gob.mx\/index.php\/wp-json\/wp\/v2\/media\/557"}],"wp:attachment":[{"href":"https:\/\/chemax.gob.mx\/index.php\/wp-json\/wp\/v2\/media?parent=556"}],"wp:term":[{"taxonomy":"category","embeddable":true,"href":"https:\/\/chemax.gob.mx\/index.php\/wp-json\/wp\/v2\/categories?post=556"},{"taxonomy":"post_tag","embeddable":true,"href":"https:\/\/chemax.gob.mx\/index.php\/wp-json\/wp\/v2\/tags?post=556"}],"curies":[{"name":"wp","href":"https:\/\/api.w.org\/{rel}","templated":true}]}}