{"id":744,"date":"2022-09-27T20:55:36","date_gmt":"2022-09-27T20:55:36","guid":{"rendered":"https:\/\/chemax.gob.mx\/?p=744"},"modified":"2022-09-27T20:55:36","modified_gmt":"2022-09-27T20:55:36","slug":"caravana-yucatan-por-el-hambre-cero","status":"publish","type":"post","link":"https:\/\/chemax.gob.mx\/index.php\/2022\/09\/27\/caravana-yucatan-por-el-hambre-cero\/","title":{"rendered":"Caravana &#8220;Yucat\u00e1n por el Hambre Cero&#8221;."},"content":{"rendered":"<div id='gallery-1' class='gallery galleryid-744 gallery-columns-6 gallery-size-thumbnail'><figure class='gallery-item'>\n\t\t\t<div class='gallery-icon landscape'>\n\t\t\t\t<a href='https:\/\/chemax.gob.mx\/wp-content\/uploads\/2022\/09\/301168556_945547679736295_7489365475571589843_n.jpg'><img loading=\"lazy\" decoding=\"async\" width=\"150\" height=\"150\" src=\"https:\/\/chemax.gob.mx\/wp-content\/uploads\/2022\/09\/301168556_945547679736295_7489365475571589843_n-150x150.jpg\" class=\"attachment-thumbnail size-thumbnail\" alt=\"\" \/><\/a>\n\t\t\t<\/div><\/figure><figure class='gallery-item'>\n\t\t\t<div class='gallery-icon landscape'>\n\t\t\t\t<a href='https:\/\/chemax.gob.mx\/wp-content\/uploads\/2022\/09\/301551457_945547809736282_1276501411426319544_n.jpg'><img loading=\"lazy\" decoding=\"async\" width=\"150\" height=\"150\" src=\"https:\/\/chemax.gob.mx\/wp-content\/uploads\/2022\/09\/301551457_945547809736282_1276501411426319544_n-150x150.jpg\" class=\"attachment-thumbnail size-thumbnail\" alt=\"\" \/><\/a>\n\t\t\t<\/div><\/figure><figure class='gallery-item'>\n\t\t\t<div class='gallery-icon landscape'>\n\t\t\t\t<a href='https:\/\/chemax.gob.mx\/wp-content\/uploads\/2022\/09\/301806527_945547706402959_1881110516202490112_n.jpg'><img loading=\"lazy\" decoding=\"async\" width=\"150\" height=\"150\" src=\"https:\/\/chemax.gob.mx\/wp-content\/uploads\/2022\/09\/301806527_945547706402959_1881110516202490112_n-150x150.jpg\" class=\"attachment-thumbnail size-thumbnail\" alt=\"\" \/><\/a>\n\t\t\t<\/div><\/figure><figure class='gallery-item'>\n\t\t\t<div class='gallery-icon landscape'>\n\t\t\t\t<a href='https:\/\/chemax.gob.mx\/wp-content\/uploads\/2022\/09\/301942292_945547736402956_5841574573719320540_n.jpg'><img loading=\"lazy\" decoding=\"async\" width=\"150\" height=\"150\" src=\"https:\/\/chemax.gob.mx\/wp-content\/uploads\/2022\/09\/301942292_945547736402956_5841574573719320540_n-150x150.jpg\" class=\"attachment-thumbnail size-thumbnail\" alt=\"\" \/><\/a>\n\t\t\t<\/div><\/figure><figure class='gallery-item'>\n\t\t\t<div class='gallery-icon landscape'>\n\t\t\t\t<a href='https:\/\/chemax.gob.mx\/wp-content\/uploads\/2022\/09\/302178672_945547259736337_1987957838424934325_n.jpg'><img loading=\"lazy\" decoding=\"async\" width=\"150\" height=\"150\" src=\"https:\/\/chemax.gob.mx\/wp-content\/uploads\/2022\/09\/302178672_945547259736337_1987957838424934325_n-150x150.jpg\" class=\"attachment-thumbnail size-thumbnail\" alt=\"\" \/><\/a>\n\t\t\t<\/div><\/figure><figure class='gallery-item'>\n\t\t\t<div class='gallery-icon landscape'>\n\t\t\t\t<a href='https:\/\/chemax.gob.mx\/wp-content\/uploads\/2022\/09\/302243309_945547213069675_3636740978095623328_n.jpg'><img loading=\"lazy\" decoding=\"async\" width=\"150\" height=\"150\" src=\"https:\/\/chemax.gob.mx\/wp-content\/uploads\/2022\/09\/302243309_945547213069675_3636740978095623328_n-150x150.jpg\" class=\"attachment-thumbnail size-thumbnail\" alt=\"\" \/><\/a>\n\t\t\t<\/div><\/figure>\n\t\t<\/div>\n\n<div class=\"l7ghb35v kjdc1dyq kmwttqpk gh25dzvf jikcssrz n3t5jt4f\">\n<div dir=\"auto\">El d\u00eda de hoy el gobierno del estado en coordinaci\u00f3n con el H. Ayuntamiento Chemax, DIF Estatal y el DIF Chemax; llevaron a cabo la caravana *&#8221; Yucat\u00e1n por el Hambre Cero&#8221;* en la plaza principal del municipio.<\/div>\n<div dir=\"auto\">En el evento estuvieron presentes el Presidente municipal C. Lucio Balam Herrera, la directora de desarrollo comunitario y alimentaci\u00f3n Mtra, Leticia Mena Macossay,<\/div>\n<div dir=\"auto\">Presidenta del DIF Lcp. Mar\u00eda Teresa Balam Chi, jefe de nutrici\u00f3n UNICEF Lic. Mauro Brero.<\/div>\n<\/div>\n<div class=\"l7ghb35v kjdc1dyq kmwttqpk gh25dzvf jikcssrz n3t5jt4f\">\n<div dir=\"auto\">Actividad donde convergieron 12 dependencias de gobierno, donde ofrecieron sus servicios y actividades; as\u00ed como obra de teatro, juegos, regalos y muchas sorpresas m\u00e1s, con la finalidad de reforzar y enfatizar que hay que tener *variedad y cantidad de alimentos para que las familias coman lo que deben.<\/div>\n<\/div>\n","protected":false},"excerpt":{"rendered":"<p>El d\u00eda de hoy el gobierno del estado en coordinaci\u00f3n con el H. Ayuntamiento Chemax, DIF Estatal y el DIF Chemax; llevaron a cabo la caravana *&#8221; Yucat\u00e1n por el Hambre Cero&#8221;* en la plaza principal del municipio. En el evento estuvieron presentes el Presidente municipal C. Lucio Balam Herrera, la directora de desarrollo comunitario [&hellip;]<\/p>\n","protected":false},"author":1,"featured_media":748,"comment_status":"closed","ping_status":"open","sticky":false,"template":"","format":"standard","meta":{"footnotes":""},"categories":[7],"tags":[],"class_list":["post-744","post","type-post","status-publish","format-standard","has-post-thumbnail","hentry","category-dif-municipal"],"_links":{"self":[{"href":"https:\/\/chemax.gob.mx\/index.php\/wp-json\/wp\/v2\/posts\/744","targetHints":{"allow":["GET"]}}],"collection":[{"href":"https:\/\/chemax.gob.mx\/index.php\/wp-json\/wp\/v2\/posts"}],"about":[{"href":"https:\/\/chemax.gob.mx\/index.php\/wp-json\/wp\/v2\/types\/post"}],"author":[{"embeddable":true,"href":"https:\/\/chemax.gob.mx\/index.php\/wp-json\/wp\/v2\/users\/1"}],"replies":[{"embeddable":true,"href":"https:\/\/chemax.gob.mx\/index.php\/wp-json\/wp\/v2\/comments?post=744"}],"version-history":[{"count":1,"href":"https:\/\/chemax.gob.mx\/index.php\/wp-json\/wp\/v2\/posts\/744\/revisions"}],"predecessor-version":[{"id":751,"href":"https:\/\/chemax.gob.mx\/index.php\/wp-json\/wp\/v2\/posts\/744\/revisions\/751"}],"wp:featuredmedia":[{"embeddable":true,"href":"https:\/\/chemax.gob.mx\/index.php\/wp-json\/wp\/v2\/media\/748"}],"wp:attachment":[{"href":"https:\/\/chemax.gob.mx\/index.php\/wp-json\/wp\/v2\/media?parent=744"}],"wp:term":[{"taxonomy":"category","embeddable":true,"href":"https:\/\/chemax.gob.mx\/index.php\/wp-json\/wp\/v2\/categories?post=744"},{"taxonomy":"post_tag","embeddable":true,"href":"https:\/\/chemax.gob.mx\/index.php\/wp-json\/wp\/v2\/tags?post=744"}],"curies":[{"name":"wp","href":"https:\/\/api.w.org\/{rel}","templated":true}]}}